{"id":3055,"date":"2026-04-14T16:20:40","date_gmt":"2026-04-14T16:20:40","guid":{"rendered":"https:\/\/iconixlatam.com\/?p=3055"},"modified":"2026-04-14T16:20:43","modified_gmt":"2026-04-14T16:20:43","slug":"el-menor-alcanca-a-gloria-do-freestyle-hispano-junto-a-ecko-unltd","status":"publish","type":"post","link":"https:\/\/iconixlatam.com\/pt-br\/2026\/04\/14\/el-menor-alcanca-a-gloria-do-freestyle-hispano-junto-a-ecko-unltd\/","title":{"rendered":"El Menor alcan\u00e7a a gl\u00f3ria do freestyle hispano junto a Ecko Unltd."},"content":{"rendered":"\n<p><strong>Santiago do Chile<\/strong> \u2014 Em um <strong>Movistar Arena<\/strong> lotado, diante de mais de 13 mil pessoas, <strong>Efra\u00edn Reeves<\/strong>, conhecido como <strong>\u201c<a href=\"https:\/\/www.instagram.com\/p\/DXDf6AFke9l\/\" type=\"link\" id=\"https:\/\/www.instagram.com\/p\/DXDf6AFke9l\/\" target=\"_blank\" rel=\"noreferrer noopener\">El Menor<\/a>\u201d<\/strong>, sagrou-se campe\u00e3o da <strong><a href=\"https:\/\/www.redbull.com\/cl-es\/el-menor-campeon-final-internacional-batalla-2026#3-las-semifinales\" type=\"link\" id=\"https:\/\/www.redbull.com\/cl-es\/el-menor-campeon-final-internacional-batalla-2026#3-las-semifinales\" target=\"_blank\" rel=\"noreferrer noopener\">Final Internacional da Red Bull Batalla 2026<\/a><\/strong>, um dos eventos mais importantes do <strong>freestyle em espanhol.<\/strong><\/p>\n\n\n\n<p>O <strong>representante chileno <\/strong>alcan\u00e7ou o t\u00edtulo ap\u00f3s uma <strong><a href=\"https:\/\/www.youtube.com\/watch?v=hbnbx0Od8Ws&amp;list=RDhbnbx0Od8Ws&amp;start_radio=1\" type=\"link\" id=\"https:\/\/www.youtube.com\/watch?v=hbnbx0Od8Ws&amp;list=RDhbnbx0Od8Ws&amp;start_radio=1\" target=\"_blank\" rel=\"noreferrer noopener\">intensa final contra o peruano Almendrades<\/a><\/strong>. A competi\u00e7\u00e3o de freestyle foi marcada por uma nova din\u00e2mica que permitiu aos finalistas escolher o tipo de beat, um fator estrat\u00e9gico que foi fundamental para definir o vencedor da <strong>Red Bull Batalla<\/strong> e consolidar sua posi\u00e7\u00e3o como <strong>um dos melhores improvisadores do mundo<\/strong>.<\/p>\n\n\n\n<div style=\"display: flex; justify-content: center; width: 100%; margin: 15px 0;\">\n    <div style=\"width: 100%; max-width: 320px; border: 1px solid #dbdbdb; border-radius: 8px; overflow: hidden;\">\n        <blockquote class=\"instagram-media\" \n            data-instgrm-permalink=\"https:\/\/www.instagram.com\/p\/DXF5aAOkYI5\/?utm_source=ig_embed&amp;utm_campaign=loading\" \n            data-instgrm-version=\"14\" \n            style=\"background:#FFF; border:0; margin:0; padding:0; width:100%;\">\n        <\/blockquote>\n        <script async src=\"\/\/www.instagram.com\/embed.js\"><\/script>\n    <\/div>\n<\/div>\n\n\n\n<p class=\"has-medium-font-size\"><strong>Ecko Unltd. e sua presen\u00e7a na Red Bull Batalla 2026<\/strong><\/p>\n\n\n\n<p>O estilo tamb\u00e9m foi protagonista na hist\u00f3rica jornada. Gra\u00e7as a uma <strong>alian\u00e7a com a<\/strong> <strong>Falabella<\/strong>, o campe\u00e3o apresentou-se com um look da <strong>Ecko Unltd.<\/strong>, marca ic\u00f4nica do <strong>streetwear<\/strong> <strong>e da cultura hip-hop desde 1993<\/strong>.<\/p>\n\n\n\n<p>Com suas silhuetas urbanas, cortes amplos e forte influ\u00eancia do graffiti, a <strong>Ecko Unltd. refor\u00e7ou seu v\u00ednculo com o freestyle<\/strong>, acompanhando os principais expoentes da cena. A marca n\u00e3o apenas vestiu o campe\u00e3o, mas tamb\u00e9m se <strong>posicionou como parte fundamental da est\u00e9tica do evento<\/strong>.<\/p>\n\n\n\n<p>Outro dos competidores de destaque, <strong><a href=\"https:\/\/www.instagram.com\/p\/DXDbSUxES9l\/?img_index=1\" type=\"link\" id=\"https:\/\/www.instagram.com\/p\/DXDbSUxES9l\/?img_index=1\" target=\"_blank\" rel=\"noreferrer noopener\">Teorema<\/a><\/strong>, tamb\u00e9m usou pe\u00e7as da <strong>Ecko<\/strong>, evidenciando como a marca continua sendo <strong>refer\u00eancia dentro do freestyle e da cultura urbana em n\u00edvel global<\/strong>.<\/p>\n\n\n\n<p class=\"has-medium-font-size\"><strong>O Ecko Squad toma conta do Movistar Arena<\/strong><\/p>\n\n\n\n<figure class=\"wp-block-gallery has-nested-images columns-default is-cropped wp-block-gallery-1 is-layout-flex wp-block-gallery-is-layout-flex\">\n<figure class=\"wp-block-image size-large is-resized\"><img fetchpriority=\"high\" decoding=\"async\" width=\"819\" height=\"1024\" data-id=\"3040\" src=\"https:\/\/iconixlatam.com\/wp-content\/uploads\/2026\/04\/EUP_8449-819x1024.jpg\" alt=\"\" class=\"wp-image-3040\" style=\"width:198px;height:auto\" srcset=\"https:\/\/iconixlatam.com\/wp-content\/uploads\/2026\/04\/EUP_8449-819x1024.jpg 819w, https:\/\/iconixlatam.com\/wp-content\/uploads\/2026\/04\/EUP_8449-240x300.jpg 240w, https:\/\/iconixlatam.com\/wp-content\/uploads\/2026\/04\/EUP_8449-768x960.jpg 768w, https:\/\/iconixlatam.com\/wp-content\/uploads\/2026\/04\/EUP_8449-1229x1536.jpg 1229w, https:\/\/iconixlatam.com\/wp-content\/uploads\/2026\/04\/EUP_8449-1638x2048.jpg 1638w, https:\/\/iconixlatam.com\/wp-content\/uploads\/2026\/04\/EUP_8449-scaled.jpg 2048w\" sizes=\"(max-width: 819px) 100vw, 819px\" \/><\/figure>\n\n\n\n<figure class=\"wp-block-image size-large is-resized\"><img decoding=\"async\" width=\"819\" height=\"1024\" data-id=\"3011\" src=\"https:\/\/iconixlatam.com\/wp-content\/uploads\/2026\/04\/En-Santiago-estamos-listos-\ud83c\udfc6-\ud83c\udfa4-Hoy-sabado-11-de-abril-sera-la-Final-Internacional-de-RedBullB-1-819x1024.jpg\" alt=\"\" class=\"wp-image-3011\" style=\"width:201px;height:auto\" srcset=\"https:\/\/iconixlatam.com\/wp-content\/uploads\/2026\/04\/En-Santiago-estamos-listos-\ud83c\udfc6-\ud83c\udfa4-Hoy-sabado-11-de-abril-sera-la-Final-Internacional-de-RedBullB-1-819x1024.jpg 819w, https:\/\/iconixlatam.com\/wp-content\/uploads\/2026\/04\/En-Santiago-estamos-listos-\ud83c\udfc6-\ud83c\udfa4-Hoy-sabado-11-de-abril-sera-la-Final-Internacional-de-RedBullB-1-240x300.jpg 240w, https:\/\/iconixlatam.com\/wp-content\/uploads\/2026\/04\/En-Santiago-estamos-listos-\ud83c\udfc6-\ud83c\udfa4-Hoy-sabado-11-de-abril-sera-la-Final-Internacional-de-RedBullB-1-768x960.jpg 768w, https:\/\/iconixlatam.com\/wp-content\/uploads\/2026\/04\/En-Santiago-estamos-listos-\ud83c\udfc6-\ud83c\udfa4-Hoy-sabado-11-de-abril-sera-la-Final-Internacional-de-RedBullB-1.jpg 1080w\" sizes=\"(max-width: 819px) 100vw, 819px\" \/><\/figure>\n\n\n\n<figure class=\"wp-block-image size-large is-resized\"><img decoding=\"async\" width=\"819\" height=\"1024\" data-id=\"3014\" src=\"https:\/\/iconixlatam.com\/wp-content\/uploads\/2026\/04\/DSC_8376-148-2-819x1024.jpg\" alt=\"\" class=\"wp-image-3014\" style=\"width:201px;height:auto\" srcset=\"https:\/\/iconixlatam.com\/wp-content\/uploads\/2026\/04\/DSC_8376-148-2-819x1024.jpg 819w, https:\/\/iconixlatam.com\/wp-content\/uploads\/2026\/04\/DSC_8376-148-2-240x300.jpg 240w, https:\/\/iconixlatam.com\/wp-content\/uploads\/2026\/04\/DSC_8376-148-2-768x960.jpg 768w, https:\/\/iconixlatam.com\/wp-content\/uploads\/2026\/04\/DSC_8376-148-2-1229x1536.jpg 1229w, https:\/\/iconixlatam.com\/wp-content\/uploads\/2026\/04\/DSC_8376-148-2-1638x2048.jpg 1638w, https:\/\/iconixlatam.com\/wp-content\/uploads\/2026\/04\/DSC_8376-148-2-scaled.jpg 2048w\" sizes=\"(max-width: 819px) 100vw, 819px\" \/><\/figure>\n<\/figure>\n\n\n\n<p>A <strong>presen\u00e7a da marca<\/strong> foi total gra\u00e7as a uma curadoria de <strong>criadores de<\/strong> <strong>conte\u00fado, artistas e refer\u00eancias da cultura urbana<\/strong> que, pelas m\u00e3os da <strong>Falabella<\/strong>, vivenciaram a experi\u00eancia a partir do epicentro do<strong> freestyle<\/strong>.<\/p>\n\n\n\n<p>Este <strong>grupo de embaixadores<\/strong> foi integrado por figuras de peso como <strong><a href=\"https:\/\/www.instagram.com\/s\/aGlnaGxpZ2h0OjE3ODU2MTUzODIyNjM1ODI3?story_media_id=3873258576072728923&amp;igsh=M2ZnemhibjNjem96%20%20Joker%20%20https:\/\/www.instagram.com\/s\/aGlnaGxpZ2h0OjE3ODU2MTUzODIyNjM1ODI3?story_media_id=3873793632495565674&amp;igsh=M2ZnemhibjNjem96%20%20Meta%20https:\/\/www.instagram.com\/s\/aGlnaGxpZ2h0OjE3ODU2MTUzODIyNjM1ODI3?story_media_id=3873682025354439918&amp;igsh=M2ZnemhibjNjem96%20%20Nico%20%20https:\/\/www.instagram.com\/s\/aGlnaGxpZ2h0OjE3ODU2MTUzODIyNjM1ODI3?story_media_id=3873682219223586708&amp;igsh=M2ZnemhibjNjem96\" type=\"link\" id=\"https:\/\/www.instagram.com\/s\/aGlnaGxpZ2h0OjE3ODU2MTUzODIyNjM1ODI3?story_media_id=3873258576072728923&amp;igsh=M2ZnemhibjNjem96%20%20Joker%20%20https:\/\/www.instagram.com\/s\/aGlnaGxpZ2h0OjE3ODU2MTUzODIyNjM1ODI3?story_media_id=3873793632495565674&amp;igsh=M2ZnemhibjNjem96%20%20Meta%20https:\/\/www.instagram.com\/s\/aGlnaGxpZ2h0OjE3ODU2MTUzODIyNjM1ODI3?story_media_id=3873682025354439918&amp;igsh=M2ZnemhibjNjem96%20%20Nico%20%20https:\/\/www.instagram.com\/s\/aGlnaGxpZ2h0OjE3ODU2MTUzODIyNjM1ODI3?story_media_id=3873682219223586708&amp;igsh=M2ZnemhibjNjem96\" target=\"_blank\" rel=\"noreferrer noopener\">Jokkerliricis<\/a><\/strong> e <strong><a href=\"http:\/\/Meta  https:\/\/www.instagram.com\/s\/aGlnaGxpZ2h0OjE3ODU2MTUzODIyNjM1ODI3?story_media_id=3874597569834052912&amp;igsh=M2ZnemhibjNjem96\" target=\"_blank\" rel=\"noreferrer noopener\">Metalinguistica_<\/a><\/strong>, que trouxeram toda a sua autoridade no g\u00eanero, somados ao estilo de <a href=\"http:\/\/Esteban  https:\/\/www.instagram.com\/s\/aGlnaGxpZ2h0OjE3ODU2MTUzODIyNjM1ODI3?story_media_id=3873258576072728923&amp;igsh=M2ZnemhibjNjem96  Joker  https:\/\/www.instagram.com\/s\/aGlnaGxpZ2h0OjE3ODU2MTUzODIyNjM1ODI3?story_media_id=3873793632495565674&amp;igsh=M2ZnemhibjNjem96  Meta https:\/\/www.instagram.com\/s\/aGlnaGxpZ2h0OjE3ODU2MTUzODIyNjM1ODI3?story_media_id=3873682025354439918&amp;igsh=M2ZnemhibjNjem96  Nico  https:\/\/www.instagram.com\/s\/aGlnaGxpZ2h0OjE3ODU2MTUzODIyNjM1ODI3?story_media_id=3873682219223586708&amp;igsh=M2ZnemhibjNjem96\" target=\"_blank\" rel=\"noreferrer noopener\"><strong>mr.estebvn<\/strong><\/a> e <strong><a href=\"http:\/\/Esteban  https:\/\/www.instagram.com\/s\/aGlnaGxpZ2h0OjE3ODU2MTUzODIyNjM1ODI3?story_media_id=3873258576072728923&amp;igsh=M2ZnemhibjNjem96  Joker  https:\/\/www.instagram.com\/s\/aGlnaGxpZ2h0OjE3ODU2MTUzODIyNjM1ODI3?story_media_id=3873793632495565674&amp;igsh=M2ZnemhibjNjem96  Meta https:\/\/www.instagram.com\/s\/aGlnaGxpZ2h0OjE3ODU2MTUzODIyNjM1ODI3?story_media_id=3873682025354439918&amp;igsh=M2ZnemhibjNjem96  Nico  https:\/\/www.instagram.com\/s\/aGlnaGxpZ2h0OjE3ODU2MTUzODIyNjM1ODI3?story_media_id=3873682219223586708&amp;igsh=M2ZnemhibjNjem96\" target=\"_blank\" rel=\"noreferrer noopener\">nicocancinoo<\/a><\/strong>, que exibiram pe\u00e7as-chave da cole\u00e7\u00e3o atual:<\/p>\n\n\n\n<ul class=\"wp-block-list\">\n<li><strong>Silhuetas Oversize:<\/strong> Mantendo o volume cl\u00e1ssico que o <strong>streetwear<\/strong> exige hoje.<\/li>\n\n\n\n<li><strong>Gr\u00e1ficos Ic\u00f4nicos:<\/strong> Designs que homenageiam o legado de <strong>Marc Ecko<\/strong> e seu impacto na moda urbana.<\/li>\n\n\n\n<li><strong>Texturas e Camadas:<\/strong> Looks pensados para o dinamismo de um evento de classe mundial.<\/li>\n<\/ul>\n\n\n\n<p>Esta colabora\u00e7\u00e3o com a <strong>Falabella<\/strong> para vestir os protagonistas da <strong>Red Bull Batalla 2026<\/strong> reafirma que, assim como o freestyle, a <strong>Ecko Unltd.<\/strong> segue evoluindo sem perder sua ess\u00eancia: ser o emblema daqueles que n\u00e3o t\u00eam medo de se expressar.<\/p>\n\n\n\n<figure class=\"wp-block-gallery has-nested-images columns-default is-cropped wp-block-gallery-2 is-layout-flex wp-block-gallery-is-layout-flex\">\n<figure class=\"wp-block-image size-large is-resized\"><img loading=\"lazy\" decoding=\"async\" width=\"820\" height=\"1024\" data-id=\"3020\" src=\"https:\/\/iconixlatam.com\/wp-content\/uploads\/2026\/04\/ayer-vivimos-el-primer-campeonato-d-chile-en-manos-d-mi-sangre-@elmenorroficial._free24.7-muy-fe-2-820x1024.jpg\" alt=\"\" class=\"wp-image-3020\" style=\"width:197px;height:auto\" srcset=\"https:\/\/iconixlatam.com\/wp-content\/uploads\/2026\/04\/ayer-vivimos-el-primer-campeonato-d-chile-en-manos-d-mi-sangre-@elmenorroficial._free24.7-muy-fe-2-820x1024.jpg 820w, https:\/\/iconixlatam.com\/wp-content\/uploads\/2026\/04\/ayer-vivimos-el-primer-campeonato-d-chile-en-manos-d-mi-sangre-@elmenorroficial._free24.7-muy-fe-2-240x300.jpg 240w, https:\/\/iconixlatam.com\/wp-content\/uploads\/2026\/04\/ayer-vivimos-el-primer-campeonato-d-chile-en-manos-d-mi-sangre-@elmenorroficial._free24.7-muy-fe-2-768x959.jpg 768w, https:\/\/iconixlatam.com\/wp-content\/uploads\/2026\/04\/ayer-vivimos-el-primer-campeonato-d-chile-en-manos-d-mi-sangre-@elmenorroficial._free24.7-muy-fe-2.jpg 1080w\" sizes=\"(max-width: 820px) 100vw, 820px\" \/><\/figure>\n\n\n\n<figure class=\"wp-block-image size-large is-resized\"><img loading=\"lazy\" decoding=\"async\" width=\"768\" height=\"1024\" data-id=\"3023\" src=\"https:\/\/iconixlatam.com\/wp-content\/uploads\/2026\/04\/@ElMenorrOficial._Free24.7-es-el-flamante-Campeon-Internacional-de-RedBullBatalla-\ud83c\udfc6-Se-impuso-2-768x1024.jpg\" alt=\"\" class=\"wp-image-3023\" style=\"width:202px;height:auto\" srcset=\"https:\/\/iconixlatam.com\/wp-content\/uploads\/2026\/04\/@ElMenorrOficial._Free24.7-es-el-flamante-Campeon-Internacional-de-RedBullBatalla-\ud83c\udfc6-Se-impuso-2-768x1024.jpg 768w, https:\/\/iconixlatam.com\/wp-content\/uploads\/2026\/04\/@ElMenorrOficial._Free24.7-es-el-flamante-Campeon-Internacional-de-RedBullBatalla-\ud83c\udfc6-Se-impuso-2-225x300.jpg 225w, https:\/\/iconixlatam.com\/wp-content\/uploads\/2026\/04\/@ElMenorrOficial._Free24.7-es-el-flamante-Campeon-Internacional-de-RedBullBatalla-\ud83c\udfc6-Se-impuso-2.jpg 1080w\" sizes=\"(max-width: 768px) 100vw, 768px\" \/><\/figure>\n\n\n\n<figure class=\"wp-block-image size-large is-resized\"><img loading=\"lazy\" decoding=\"async\" width=\"768\" height=\"1024\" data-id=\"3017\" src=\"https:\/\/iconixlatam.com\/wp-content\/uploads\/2026\/04\/@ElMenorrOficial._Free24.7-es-el-flamante-Campeon-Internacional-de-RedBullBatalla-\ud83c\udfc6-Se-impuso-3-768x1024.jpg\" alt=\"\" class=\"wp-image-3017\" style=\"width:202px;height:auto\" srcset=\"https:\/\/iconixlatam.com\/wp-content\/uploads\/2026\/04\/@ElMenorrOficial._Free24.7-es-el-flamante-Campeon-Internacional-de-RedBullBatalla-\ud83c\udfc6-Se-impuso-3-768x1024.jpg 768w, https:\/\/iconixlatam.com\/wp-content\/uploads\/2026\/04\/@ElMenorrOficial._Free24.7-es-el-flamante-Campeon-Internacional-de-RedBullBatalla-\ud83c\udfc6-Se-impuso-3-225x300.jpg 225w, https:\/\/iconixlatam.com\/wp-content\/uploads\/2026\/04\/@ElMenorrOficial._Free24.7-es-el-flamante-Campeon-Internacional-de-RedBullBatalla-\ud83c\udfc6-Se-impuso-3.jpg 1080w\" sizes=\"(max-width: 768px) 100vw, 768px\" \/><\/figure>\n<\/figure>\n\n\n\n<p><\/p>\n","protected":false},"excerpt":{"rendered":"<p>Ecko Unltd. consolida sua presen\u00e7a na cena internacional, vestindo o Campe\u00e3o da Red Bull Batalla 2026.<\/p>\n","protected":false},"author":1,"featured_media":3029,"comment_status":"open","ping_status":"open","sticky":false,"template":"","format":"standard","meta":{"inline_featured_image":false,"footnotes":""},"categories":[27,1],"tags":[105,108,107,33,106],"class_list":["post-3055","post","type-post","status-publish","format-standard","has-post-thumbnail","hentry","category-latam-pt-br","category-sin-categorizar","tag-el-menor-2","tag-falabella","tag-freestyle","tag-iconix-latam","tag-red-bull-batalla-2026-2"],"yoast_head":"<!-- This site is optimized with the Yoast SEO plugin v27.3 - https:\/\/yoast.com\/product\/yoast-seo-wordpress\/ -->\n<title>El Menor alcan\u00e7a a gl\u00f3ria do freestyle hispano junto a Ecko Unltd. - Iconix Latin<\/title>\n<meta name=\"robots\" content=\"index, follow, max-snippet:-1, max-image-preview:large, max-video-preview:-1\" \/>\n<link rel=\"canonical\" href=\"https:\/\/iconixlatam.com\/pt-br\/2026\/04\/14\/el-menor-alcanca-a-gloria-do-freestyle-hispano-junto-a-ecko-unltd\/\" \/>\n<meta property=\"og:locale\" content=\"pt_BR\" \/>\n<meta property=\"og:type\" content=\"article\" \/>\n<meta property=\"og:title\" content=\"El Menor alcan\u00e7a a gl\u00f3ria do freestyle hispano junto a Ecko Unltd. - Iconix Latin\" \/>\n<meta property=\"og:description\" content=\"Ecko Unltd. consolida sua presen\u00e7a na cena internacional, vestindo o Campe\u00e3o da Red Bull Batalla 2026.\" \/>\n<meta property=\"og:url\" content=\"https:\/\/iconixlatam.com\/pt-br\/2026\/04\/14\/el-menor-alcanca-a-gloria-do-freestyle-hispano-junto-a-ecko-unltd\/\" \/>\n<meta property=\"og:site_name\" content=\"Iconix Latin\" \/>\n<meta property=\"article:published_time\" content=\"2026-04-14T16:20:40+00:00\" \/>\n<meta property=\"article:modified_time\" content=\"2026-04-14T16:20:43+00:00\" \/>\n<meta property=\"og:image\" content=\"https:\/\/iconixlatam.com\/wp-content\/uploads\/2026\/04\/Proyecto-nuevo-2.jpg\" \/>\n\t<meta property=\"og:image:width\" content=\"1920\" \/>\n\t<meta property=\"og:image:height\" content=\"1080\" \/>\n\t<meta property=\"og:image:type\" content=\"image\/jpeg\" \/>\n<meta name=\"author\" content=\"latiniconix\" \/>\n<meta name=\"twitter:card\" content=\"summary_large_image\" \/>\n<meta name=\"twitter:label1\" content=\"Escrito por\" \/>\n\t<meta name=\"twitter:data1\" content=\"latiniconix\" \/>\n\t<meta name=\"twitter:label2\" content=\"Est. tempo de leitura\" \/>\n\t<meta name=\"twitter:data2\" content=\"4 minutos\" \/>\n<script type=\"application\/ld+json\" class=\"yoast-schema-graph\">{\"@context\":\"https:\\\/\\\/schema.org\",\"@graph\":[{\"@type\":\"Article\",\"@id\":\"https:\\\/\\\/iconixlatam.com\\\/pt-br\\\/2026\\\/04\\\/14\\\/el-menor-alcanca-a-gloria-do-freestyle-hispano-junto-a-ecko-unltd\\\/#article\",\"isPartOf\":{\"@id\":\"https:\\\/\\\/iconixlatam.com\\\/pt-br\\\/2026\\\/04\\\/14\\\/el-menor-alcanca-a-gloria-do-freestyle-hispano-junto-a-ecko-unltd\\\/\"},\"author\":{\"name\":\"latiniconix\",\"@id\":\"https:\\\/\\\/iconixlatam.com\\\/#\\\/schema\\\/person\\\/72788aa7f2a8d1f155e209543b3d5b1f\"},\"headline\":\"El Menor alcan\u00e7a a gl\u00f3ria do freestyle hispano junto a Ecko Unltd.\",\"datePublished\":\"2026-04-14T16:20:40+00:00\",\"dateModified\":\"2026-04-14T16:20:43+00:00\",\"mainEntityOfPage\":{\"@id\":\"https:\\\/\\\/iconixlatam.com\\\/pt-br\\\/2026\\\/04\\\/14\\\/el-menor-alcanca-a-gloria-do-freestyle-hispano-junto-a-ecko-unltd\\\/\"},\"wordCount\":425,\"commentCount\":0,\"publisher\":{\"@id\":\"https:\\\/\\\/iconixlatam.com\\\/#organization\"},\"image\":{\"@id\":\"https:\\\/\\\/iconixlatam.com\\\/pt-br\\\/2026\\\/04\\\/14\\\/el-menor-alcanca-a-gloria-do-freestyle-hispano-junto-a-ecko-unltd\\\/#primaryimage\"},\"thumbnailUrl\":\"https:\\\/\\\/iconixlatam.com\\\/wp-content\\\/uploads\\\/2026\\\/04\\\/Proyecto-nuevo-2.jpg\",\"keywords\":[\"EL MENOR\",\"FALABELLA\",\"FREESTYLE\",\"ICONIX LATAM\",\"RED BULL BATALLA 2026\"],\"articleSection\":[\"Latam\",\"Sin categorizar\"],\"inLanguage\":\"pt-BR\",\"potentialAction\":[{\"@type\":\"CommentAction\",\"name\":\"Comment\",\"target\":[\"https:\\\/\\\/iconixlatam.com\\\/pt-br\\\/2026\\\/04\\\/14\\\/el-menor-alcanca-a-gloria-do-freestyle-hispano-junto-a-ecko-unltd\\\/#respond\"]}]},{\"@type\":\"WebPage\",\"@id\":\"https:\\\/\\\/iconixlatam.com\\\/pt-br\\\/2026\\\/04\\\/14\\\/el-menor-alcanca-a-gloria-do-freestyle-hispano-junto-a-ecko-unltd\\\/\",\"url\":\"https:\\\/\\\/iconixlatam.com\\\/pt-br\\\/2026\\\/04\\\/14\\\/el-menor-alcanca-a-gloria-do-freestyle-hispano-junto-a-ecko-unltd\\\/\",\"name\":\"El Menor alcan\u00e7a a gl\u00f3ria do freestyle hispano junto a Ecko Unltd. - Iconix Latin\",\"isPartOf\":{\"@id\":\"https:\\\/\\\/iconixlatam.com\\\/#website\"},\"primaryImageOfPage\":{\"@id\":\"https:\\\/\\\/iconixlatam.com\\\/pt-br\\\/2026\\\/04\\\/14\\\/el-menor-alcanca-a-gloria-do-freestyle-hispano-junto-a-ecko-unltd\\\/#primaryimage\"},\"image\":{\"@id\":\"https:\\\/\\\/iconixlatam.com\\\/pt-br\\\/2026\\\/04\\\/14\\\/el-menor-alcanca-a-gloria-do-freestyle-hispano-junto-a-ecko-unltd\\\/#primaryimage\"},\"thumbnailUrl\":\"https:\\\/\\\/iconixlatam.com\\\/wp-content\\\/uploads\\\/2026\\\/04\\\/Proyecto-nuevo-2.jpg\",\"datePublished\":\"2026-04-14T16:20:40+00:00\",\"dateModified\":\"2026-04-14T16:20:43+00:00\",\"breadcrumb\":{\"@id\":\"https:\\\/\\\/iconixlatam.com\\\/pt-br\\\/2026\\\/04\\\/14\\\/el-menor-alcanca-a-gloria-do-freestyle-hispano-junto-a-ecko-unltd\\\/#breadcrumb\"},\"inLanguage\":\"pt-BR\",\"potentialAction\":[{\"@type\":\"ReadAction\",\"target\":[\"https:\\\/\\\/iconixlatam.com\\\/pt-br\\\/2026\\\/04\\\/14\\\/el-menor-alcanca-a-gloria-do-freestyle-hispano-junto-a-ecko-unltd\\\/\"]}]},{\"@type\":\"ImageObject\",\"inLanguage\":\"pt-BR\",\"@id\":\"https:\\\/\\\/iconixlatam.com\\\/pt-br\\\/2026\\\/04\\\/14\\\/el-menor-alcanca-a-gloria-do-freestyle-hispano-junto-a-ecko-unltd\\\/#primaryimage\",\"url\":\"https:\\\/\\\/iconixlatam.com\\\/wp-content\\\/uploads\\\/2026\\\/04\\\/Proyecto-nuevo-2.jpg\",\"contentUrl\":\"https:\\\/\\\/iconixlatam.com\\\/wp-content\\\/uploads\\\/2026\\\/04\\\/Proyecto-nuevo-2.jpg\",\"width\":1920,\"height\":1080},{\"@type\":\"BreadcrumbList\",\"@id\":\"https:\\\/\\\/iconixlatam.com\\\/pt-br\\\/2026\\\/04\\\/14\\\/el-menor-alcanca-a-gloria-do-freestyle-hispano-junto-a-ecko-unltd\\\/#breadcrumb\",\"itemListElement\":[{\"@type\":\"ListItem\",\"position\":1,\"name\":\"Portada\",\"item\":\"https:\\\/\\\/iconixlatam.com\\\/pt-br\\\/sample-page\\\/\"},{\"@type\":\"ListItem\",\"position\":2,\"name\":\"El Menor alcan\u00e7a a gl\u00f3ria do freestyle hispano junto a Ecko Unltd.\"}]},{\"@type\":\"WebSite\",\"@id\":\"https:\\\/\\\/iconixlatam.com\\\/#website\",\"url\":\"https:\\\/\\\/iconixlatam.com\\\/\",\"name\":\"Iconix Latin\",\"description\":\"Con un enfoque innovador y comercial, brindamos soluciones de gesti\u00f3n de marca para maximizar su valor global.\",\"publisher\":{\"@id\":\"https:\\\/\\\/iconixlatam.com\\\/#organization\"},\"potentialAction\":[{\"@type\":\"SearchAction\",\"target\":{\"@type\":\"EntryPoint\",\"urlTemplate\":\"https:\\\/\\\/iconixlatam.com\\\/?s={search_term_string}\"},\"query-input\":{\"@type\":\"PropertyValueSpecification\",\"valueRequired\":true,\"valueName\":\"search_term_string\"}}],\"inLanguage\":\"pt-BR\"},{\"@type\":\"Organization\",\"@id\":\"https:\\\/\\\/iconixlatam.com\\\/#organization\",\"name\":\"Iconix Latin\",\"url\":\"https:\\\/\\\/iconixlatam.com\\\/\",\"logo\":{\"@type\":\"ImageObject\",\"inLanguage\":\"pt-BR\",\"@id\":\"https:\\\/\\\/iconixlatam.com\\\/#\\\/schema\\\/logo\\\/image\\\/\",\"url\":\"https:\\\/\\\/iconixlatam.com\\\/wp-content\\\/uploads\\\/2025\\\/03\\\/logo.svg\",\"contentUrl\":\"https:\\\/\\\/iconixlatam.com\\\/wp-content\\\/uploads\\\/2025\\\/03\\\/logo.svg\",\"width\":155,\"height\":81,\"caption\":\"Iconix Latin\"},\"image\":{\"@id\":\"https:\\\/\\\/iconixlatam.com\\\/#\\\/schema\\\/logo\\\/image\\\/\"},\"sameAs\":[\"https:\\\/\\\/www.instagram.com\\\/iconixlatinamerica\\\/\",\"https:\\\/\\\/www.linkedin.com\\\/company\\\/iconix-international\\\/posts\\\/?feedView=all\"]},{\"@type\":\"Person\",\"@id\":\"https:\\\/\\\/iconixlatam.com\\\/#\\\/schema\\\/person\\\/72788aa7f2a8d1f155e209543b3d5b1f\",\"name\":\"latiniconix\",\"image\":{\"@type\":\"ImageObject\",\"inLanguage\":\"pt-BR\",\"@id\":\"https:\\\/\\\/secure.gravatar.com\\\/avatar\\\/07852c9106134c91b4ce80fcc8777519c728ba684d3ffdf52fd51ef65d8f1d20?s=96&d=mm&r=g\",\"url\":\"https:\\\/\\\/secure.gravatar.com\\\/avatar\\\/07852c9106134c91b4ce80fcc8777519c728ba684d3ffdf52fd51ef65d8f1d20?s=96&d=mm&r=g\",\"contentUrl\":\"https:\\\/\\\/secure.gravatar.com\\\/avatar\\\/07852c9106134c91b4ce80fcc8777519c728ba684d3ffdf52fd51ef65d8f1d20?s=96&d=mm&r=g\",\"caption\":\"latiniconix\"},\"sameAs\":[\"https:\\\/\\\/iconixlatam.com\"],\"url\":\"https:\\\/\\\/iconixlatam.com\\\/pt-br\\\/author\\\/latiniconix\\\/\"}]}<\/script>\n<!-- \/ Yoast SEO plugin. -->","yoast_head_json":{"title":"El Menor alcan\u00e7a a gl\u00f3ria do freestyle hispano junto a Ecko Unltd. - Iconix Latin","robots":{"index":"index","follow":"follow","max-snippet":"max-snippet:-1","max-image-preview":"max-image-preview:large","max-video-preview":"max-video-preview:-1"},"canonical":"https:\/\/iconixlatam.com\/pt-br\/2026\/04\/14\/el-menor-alcanca-a-gloria-do-freestyle-hispano-junto-a-ecko-unltd\/","og_locale":"pt_BR","og_type":"article","og_title":"El Menor alcan\u00e7a a gl\u00f3ria do freestyle hispano junto a Ecko Unltd. - Iconix Latin","og_description":"Ecko Unltd. consolida sua presen\u00e7a na cena internacional, vestindo o Campe\u00e3o da Red Bull Batalla 2026.","og_url":"https:\/\/iconixlatam.com\/pt-br\/2026\/04\/14\/el-menor-alcanca-a-gloria-do-freestyle-hispano-junto-a-ecko-unltd\/","og_site_name":"Iconix Latin","article_published_time":"2026-04-14T16:20:40+00:00","article_modified_time":"2026-04-14T16:20:43+00:00","og_image":[{"width":1920,"height":1080,"url":"https:\/\/iconixlatam.com\/wp-content\/uploads\/2026\/04\/Proyecto-nuevo-2.jpg","type":"image\/jpeg"}],"author":"latiniconix","twitter_card":"summary_large_image","twitter_misc":{"Escrito por":"latiniconix","Est. tempo de leitura":"4 minutos"},"schema":{"@context":"https:\/\/schema.org","@graph":[{"@type":"Article","@id":"https:\/\/iconixlatam.com\/pt-br\/2026\/04\/14\/el-menor-alcanca-a-gloria-do-freestyle-hispano-junto-a-ecko-unltd\/#article","isPartOf":{"@id":"https:\/\/iconixlatam.com\/pt-br\/2026\/04\/14\/el-menor-alcanca-a-gloria-do-freestyle-hispano-junto-a-ecko-unltd\/"},"author":{"name":"latiniconix","@id":"https:\/\/iconixlatam.com\/#\/schema\/person\/72788aa7f2a8d1f155e209543b3d5b1f"},"headline":"El Menor alcan\u00e7a a gl\u00f3ria do freestyle hispano junto a Ecko Unltd.","datePublished":"2026-04-14T16:20:40+00:00","dateModified":"2026-04-14T16:20:43+00:00","mainEntityOfPage":{"@id":"https:\/\/iconixlatam.com\/pt-br\/2026\/04\/14\/el-menor-alcanca-a-gloria-do-freestyle-hispano-junto-a-ecko-unltd\/"},"wordCount":425,"commentCount":0,"publisher":{"@id":"https:\/\/iconixlatam.com\/#organization"},"image":{"@id":"https:\/\/iconixlatam.com\/pt-br\/2026\/04\/14\/el-menor-alcanca-a-gloria-do-freestyle-hispano-junto-a-ecko-unltd\/#primaryimage"},"thumbnailUrl":"https:\/\/iconixlatam.com\/wp-content\/uploads\/2026\/04\/Proyecto-nuevo-2.jpg","keywords":["EL MENOR","FALABELLA","FREESTYLE","ICONIX LATAM","RED BULL BATALLA 2026"],"articleSection":["Latam","Sin categorizar"],"inLanguage":"pt-BR","potentialAction":[{"@type":"CommentAction","name":"Comment","target":["https:\/\/iconixlatam.com\/pt-br\/2026\/04\/14\/el-menor-alcanca-a-gloria-do-freestyle-hispano-junto-a-ecko-unltd\/#respond"]}]},{"@type":"WebPage","@id":"https:\/\/iconixlatam.com\/pt-br\/2026\/04\/14\/el-menor-alcanca-a-gloria-do-freestyle-hispano-junto-a-ecko-unltd\/","url":"https:\/\/iconixlatam.com\/pt-br\/2026\/04\/14\/el-menor-alcanca-a-gloria-do-freestyle-hispano-junto-a-ecko-unltd\/","name":"El Menor alcan\u00e7a a gl\u00f3ria do freestyle hispano junto a Ecko Unltd. - Iconix Latin","isPartOf":{"@id":"https:\/\/iconixlatam.com\/#website"},"primaryImageOfPage":{"@id":"https:\/\/iconixlatam.com\/pt-br\/2026\/04\/14\/el-menor-alcanca-a-gloria-do-freestyle-hispano-junto-a-ecko-unltd\/#primaryimage"},"image":{"@id":"https:\/\/iconixlatam.com\/pt-br\/2026\/04\/14\/el-menor-alcanca-a-gloria-do-freestyle-hispano-junto-a-ecko-unltd\/#primaryimage"},"thumbnailUrl":"https:\/\/iconixlatam.com\/wp-content\/uploads\/2026\/04\/Proyecto-nuevo-2.jpg","datePublished":"2026-04-14T16:20:40+00:00","dateModified":"2026-04-14T16:20:43+00:00","breadcrumb":{"@id":"https:\/\/iconixlatam.com\/pt-br\/2026\/04\/14\/el-menor-alcanca-a-gloria-do-freestyle-hispano-junto-a-ecko-unltd\/#breadcrumb"},"inLanguage":"pt-BR","potentialAction":[{"@type":"ReadAction","target":["https:\/\/iconixlatam.com\/pt-br\/2026\/04\/14\/el-menor-alcanca-a-gloria-do-freestyle-hispano-junto-a-ecko-unltd\/"]}]},{"@type":"ImageObject","inLanguage":"pt-BR","@id":"https:\/\/iconixlatam.com\/pt-br\/2026\/04\/14\/el-menor-alcanca-a-gloria-do-freestyle-hispano-junto-a-ecko-unltd\/#primaryimage","url":"https:\/\/iconixlatam.com\/wp-content\/uploads\/2026\/04\/Proyecto-nuevo-2.jpg","contentUrl":"https:\/\/iconixlatam.com\/wp-content\/uploads\/2026\/04\/Proyecto-nuevo-2.jpg","width":1920,"height":1080},{"@type":"BreadcrumbList","@id":"https:\/\/iconixlatam.com\/pt-br\/2026\/04\/14\/el-menor-alcanca-a-gloria-do-freestyle-hispano-junto-a-ecko-unltd\/#breadcrumb","itemListElement":[{"@type":"ListItem","position":1,"name":"Portada","item":"https:\/\/iconixlatam.com\/pt-br\/sample-page\/"},{"@type":"ListItem","position":2,"name":"El Menor alcan\u00e7a a gl\u00f3ria do freestyle hispano junto a Ecko Unltd."}]},{"@type":"WebSite","@id":"https:\/\/iconixlatam.com\/#website","url":"https:\/\/iconixlatam.com\/","name":"Iconix Latin","description":"Con un enfoque innovador y comercial, brindamos soluciones de gesti\u00f3n de marca para maximizar su valor global.","publisher":{"@id":"https:\/\/iconixlatam.com\/#organization"},"potentialAction":[{"@type":"SearchAction","target":{"@type":"EntryPoint","urlTemplate":"https:\/\/iconixlatam.com\/?s={search_term_string}"},"query-input":{"@type":"PropertyValueSpecification","valueRequired":true,"valueName":"search_term_string"}}],"inLanguage":"pt-BR"},{"@type":"Organization","@id":"https:\/\/iconixlatam.com\/#organization","name":"Iconix Latin","url":"https:\/\/iconixlatam.com\/","logo":{"@type":"ImageObject","inLanguage":"pt-BR","@id":"https:\/\/iconixlatam.com\/#\/schema\/logo\/image\/","url":"https:\/\/iconixlatam.com\/wp-content\/uploads\/2025\/03\/logo.svg","contentUrl":"https:\/\/iconixlatam.com\/wp-content\/uploads\/2025\/03\/logo.svg","width":155,"height":81,"caption":"Iconix Latin"},"image":{"@id":"https:\/\/iconixlatam.com\/#\/schema\/logo\/image\/"},"sameAs":["https:\/\/www.instagram.com\/iconixlatinamerica\/","https:\/\/www.linkedin.com\/company\/iconix-international\/posts\/?feedView=all"]},{"@type":"Person","@id":"https:\/\/iconixlatam.com\/#\/schema\/person\/72788aa7f2a8d1f155e209543b3d5b1f","name":"latiniconix","image":{"@type":"ImageObject","inLanguage":"pt-BR","@id":"https:\/\/secure.gravatar.com\/avatar\/07852c9106134c91b4ce80fcc8777519c728ba684d3ffdf52fd51ef65d8f1d20?s=96&d=mm&r=g","url":"https:\/\/secure.gravatar.com\/avatar\/07852c9106134c91b4ce80fcc8777519c728ba684d3ffdf52fd51ef65d8f1d20?s=96&d=mm&r=g","contentUrl":"https:\/\/secure.gravatar.com\/avatar\/07852c9106134c91b4ce80fcc8777519c728ba684d3ffdf52fd51ef65d8f1d20?s=96&d=mm&r=g","caption":"latiniconix"},"sameAs":["https:\/\/iconixlatam.com"],"url":"https:\/\/iconixlatam.com\/pt-br\/author\/latiniconix\/"}]}},"_links":{"self":[{"href":"https:\/\/iconixlatam.com\/pt-br\/wp-json\/wp\/v2\/posts\/3055","targetHints":{"allow":["GET"]}}],"collection":[{"href":"https:\/\/iconixlatam.com\/pt-br\/wp-json\/wp\/v2\/posts"}],"about":[{"href":"https:\/\/iconixlatam.com\/pt-br\/wp-json\/wp\/v2\/types\/post"}],"author":[{"embeddable":true,"href":"https:\/\/iconixlatam.com\/pt-br\/wp-json\/wp\/v2\/users\/1"}],"replies":[{"embeddable":true,"href":"https:\/\/iconixlatam.com\/pt-br\/wp-json\/wp\/v2\/comments?post=3055"}],"version-history":[{"count":2,"href":"https:\/\/iconixlatam.com\/pt-br\/wp-json\/wp\/v2\/posts\/3055\/revisions"}],"predecessor-version":[{"id":3058,"href":"https:\/\/iconixlatam.com\/pt-br\/wp-json\/wp\/v2\/posts\/3055\/revisions\/3058"}],"wp:featuredmedia":[{"embeddable":true,"href":"https:\/\/iconixlatam.com\/pt-br\/wp-json\/wp\/v2\/media\/3029"}],"wp:attachment":[{"href":"https:\/\/iconixlatam.com\/pt-br\/wp-json\/wp\/v2\/media?parent=3055"}],"wp:term":[{"taxonomy":"category","embeddable":true,"href":"https:\/\/iconixlatam.com\/pt-br\/wp-json\/wp\/v2\/categories?post=3055"},{"taxonomy":"post_tag","embeddable":true,"href":"https:\/\/iconixlatam.com\/pt-br\/wp-json\/wp\/v2\/tags?post=3055"}],"curies":[{"name":"wp","href":"https:\/\/api.w.org\/{rel}","templated":true}]}}