{"id":2968,"date":"2025-12-05T16:35:00","date_gmt":"2025-12-05T16:35:00","guid":{"rendered":"https:\/\/iconixlatam.com\/?p=2968"},"modified":"2025-12-05T20:14:43","modified_gmt":"2025-12-05T20:14:43","slug":"brew-mossimo-coffee-party-a-nova-tendencia-de-cafe-moda","status":"publish","type":"post","link":"https:\/\/iconixlatam.com\/pt-br\/2025\/12\/05\/brew-mossimo-coffee-party-a-nova-tendencia-de-cafe-moda\/","title":{"rendered":"Brew Mossimo Coffee Party: A nova tend\u00eancia de caf\u00e9 + moda"},"content":{"rendered":"\n<p>No s\u00e1bado, 29 de novembro, <strong>Brew Mossimo<\/strong> foi realizado \u2014 uma ativa\u00e7\u00e3o que marcou um novo passo na estrat\u00e9gia de posicionamento que a <strong>Iconix Lat\u00edn Am\u00e9rica<\/strong> est\u00e1 impulsionando para a marca na regi\u00e3o. O encontro reuniu <strong>influenciadores, criadores de conte\u00fado e refer\u00eancias de moda<\/strong> no <strong>Dosis Caf\u00e9<\/strong> (Santiago, Chile), onde o conceito 2025 \u2014 centrado nos cruzamentos entre mundos, estilos e formas de express\u00e3o \u2014 ganhou vida em um ambiente criativo e acolhedor.<\/p>\n\n\n\n<p>Para a <strong>Iconix<\/strong>, a ativa\u00e7\u00e3o foi uma oportunidade concreta de mostrar como a <strong>identidade renovada da marca se conecta com comunidades reais<\/strong>: jovens que encontram na moda um <strong>espa\u00e7o para experimentar, combinar e se expressar<\/strong>. A <strong>diversidade de looks e estilos <\/strong>presentes refletiu a ess\u00eancia desta nova etapa, transformando o <strong>Coffee Party<\/strong> em um cen\u00e1rio din\u00e2mico onde est\u00e9tica, caf\u00e9 e espontaneidade se entrela\u00e7aram de forma natural.<\/p>\n\n\n\n<div style=\"display: flex; justify-content: center; margin: 20px 0;\">\n    <iframe \n        width=\"420\" \n        height=\"236\" \n        src=\"https:\/\/www.youtube.com\/embed\/GmjQgioxvII\" \n        title=\"YouTube video player\" \n        frameborder=\"0\" \n        allow=\"accelerometer; autoplay; clipboard-write; encrypted-media; gyroscope; picture-in-picture; web-share\" \n        allowfullscreen>\n    <\/iframe>\n<\/div>\n\n\n\n<p>Entre os convidados, destacou-se <strong>Macazana (<a href=\"https:\/\/www.instagram.com\/p\/DRvJQn-jyyg\/?utm_source=ig_web_copy_link&amp;igsh=MzRlODBiNWFlZA==\" data-type=\"link\" data-id=\"https:\/\/www.instagram.com\/p\/DRvJQn-jyyg\/?utm_source=ig_web_copy_link&amp;igsh=MzRlODBiNWFlZA==\" target=\"_blank\" rel=\"noreferrer noopener\">@genemacazana<\/a>)<\/strong>, que conduziu um <strong>workshop de styling<\/strong> onde compartilhou sua vis\u00e3o criativa: <em>\u201cVestir como uma linguagem sem regras, guiada pela inten\u00e7\u00e3o e pelo prop\u00f3sito.\u201d<\/em> Sua forma de abordar as pe\u00e7as permitiu que os participantes <strong>explorassem novas combina\u00e7\u00f5es diretamente da cole\u00e7\u00e3o exibida<\/strong>.<\/p>\n\n\n\n<style>\n  .ig-embed-wrapper {\n    display: flex;\n    justify-content: center;\n    padding: 12px 0;\n  }\n\n  .ig-embed {\n    width: 100%;\n    max-width: 420px; \/* tama\u00f1o un poco m\u00e1s peque\u00f1o *\/\n    box-sizing: border-box;\n  }\n\n  .ig-embed .instagram-media {\n    border-radius: 8px;\n    box-shadow: 0 6px 18px rgba(0,0,0,0.08);\n    overflow: hidden;\n  }\n<\/style>\n\n<div class=\"ig-embed-wrapper\">\n  <div class=\"ig-embed\">\n    <blockquote class=\"instagram-media\" data-instgrm-permalink=\"https:\/\/www.instagram.com\/p\/DRvJQn-jyyg\/\" data-instgrm-version=\"14\" style=\"background:#FFF; border:0; margin:0; padding:0;\">\n      <a href=\"https:\/\/www.instagram.com\/p\/DRvJQn-jyyg\/\"><\/a>\n    <\/blockquote>\n  <\/div>\n<\/div>\n\n<script async src=\"\/\/www.instagram.com\/embed.js\"><\/script>\n\n<noscript>\n  <div style=\"text-align:center; margin:8px 0;\">\n    <a href=\"https:\/\/www.instagram.com\/p\/DRvJQn-jyyg\/\" target=\"_blank\" rel=\"noopener noreferrer\">Ver publicaci\u00f3n en Instagram<\/a>\n  <\/div>\n<\/noscript>\n\n\n\n<p>Entre m\u00fasica e um bom caf\u00e9, tamb\u00e9m esteve presente o rosto de<strong> Mossimo<\/strong>, <strong>Austin Palao (<a href=\"https:\/\/www.instagram.com\/reel\/DQw7j0Gkfd-\/?utm_source=ig_web_copy_link&amp;igsh=MzRlODBiNWFlZA==\" data-type=\"link\" data-id=\"https:\/\/www.instagram.com\/reel\/DQw7j0Gkfd-\/?utm_source=ig_web_copy_link&amp;igsh=MzRlODBiNWFlZA==\" target=\"_blank\" rel=\"noreferrer noopener\">@austinpalaoc<\/a>)<\/strong>, que conversou com criadores de conte\u00fado e perfis de moda presentes no evento, <strong>trazendo proximidade e representando o esp\u00edrito moderno da marca.<\/strong><\/p>\n\n\n\n<p>A produ\u00e7\u00e3o de <strong>Brew Mossimo<\/strong> foi executada com <strong>altos padr\u00f5es estrat\u00e9gicos<\/strong>, o que permitiu alcan\u00e7ar uma <strong>ampla cobertura e fortaleceu a visibilidade da nossa primeira edi\u00e7\u00e3o<\/strong>. Entre os presentes esteve a <strong><a href=\"https:\/\/www.revistasarah.cl\/brew-mossimo-la-moda-que-vive-la-noche-en-el-dia\/\" data-type=\"link\" data-id=\"https:\/\/www.revistasarah.cl\/brew-mossimo-la-moda-que-vive-la-noche-en-el-dia\/\" target=\"_blank\" rel=\"noreferrer noopener\">Revista Sarah<\/a><\/strong>, que realizou entrevistas e registrou os principais momentos do encontro, contribuindo para ampliar o alcance e a relev\u00e2ncia do evento.<\/p>\n\n\n\n<style>\n  .ig-embed-wrapper {\n    display: flex;\n    justify-content: center;\n    padding: 12px 0;\n  }\n\n  .ig-embed {\n    width: 100%;\n    max-width: 420px; \/* tama\u00f1o reducido *\/\n    box-sizing: border-box;\n  }\n\n  .ig-embed .instagram-media {\n    border-radius: 8px;\n    box-shadow: 0 6px 18px rgba(0,0,0,0.08);\n    overflow: hidden;\n  }\n<\/style>\n\n<div class=\"ig-embed-wrapper\">\n  <div class=\"ig-embed\">\n    <blockquote class=\"instagram-media\" data-instgrm-permalink=\"https:\/\/www.instagram.com\/p\/DRw5meQkXGf\/\" data-instgrm-version=\"14\" style=\"background:#FFF; border:0; margin:0; padding:0;\">\n      <a href=\"https:\/\/www.instagram.com\/p\/DRw5meQkXGf\/\"><\/a>\n    <\/blockquote>\n  <\/div>\n<\/div>\n\n<script async src=\"\/\/www.instagram.com\/embed.js\"><\/script>\n\n<noscript>\n  <div style=\"text-align:center; margin:8px 0;\">\n    <a href=\"https:\/\/www.instagram.com\/p\/DRw5meQkXGf\/\" target=\"_blank\" rel=\"noopener noreferrer\">\n      Ver publicaci\u00f3n en Instagram\n    <\/a>\n  <\/div>\n<\/noscript>\n\n\n\n\n<p>O <strong>Coffee Party<\/strong> reafirmou a vis\u00e3o da marca: <strong>Quando dois mundos se cruzam, nasce algo novo.<\/strong> Cruzar pe\u00e7as, ideias e pessoas impulsiona <strong>novas formas de express\u00e3o e transforma a maneira como vivemos a moda<\/strong>. Desde a <strong>Iconix Lat\u00edn Am\u00e9rica<\/strong>, estamos comprometidos em antecipar movimentos, explorar novas din\u00e2micas do setor e continuar crescendo de acordo com o que a ind\u00fastria e nossas audi\u00eancias demandam.<\/p>\n","protected":false},"excerpt":{"rendered":"<p>Uma ativa\u00e7\u00e3o que celebrou os cruzamentos entre mundos \u2014 looks, criatividade e o ritual do caf\u00e9 \u2014 em uma tarde repleta de express\u00e3o pessoal e encontros aut\u00eanticos ao lado da Mossimo.<\/p>\n","protected":false},"author":1,"featured_media":2956,"comment_status":"open","ping_status":"open","sticky":false,"template":"","format":"standard","meta":{"inline_featured_image":false,"footnotes":""},"categories":[27],"tags":[96,94,95,33,93],"class_list":["post-2968","post","type-post","status-publish","format-standard","has-post-thumbnail","hentry","category-latam-pt-br","tag-austin-palao","tag-brew-mossimo","tag-coleccioon-mossimo","tag-iconix-latam","tag-mossimo-chile"],"yoast_head":"<!-- This site is optimized with the Yoast SEO plugin v27.3 - https:\/\/yoast.com\/product\/yoast-seo-wordpress\/ -->\n<title>Brew Mossimo Coffee Party: A nova tend\u00eancia de caf\u00e9 + moda - Iconix Latin<\/title>\n<meta name=\"robots\" content=\"index, follow, max-snippet:-1, max-image-preview:large, max-video-preview:-1\" \/>\n<link rel=\"canonical\" href=\"https:\/\/iconixlatam.com\/pt-br\/2025\/12\/05\/brew-mossimo-coffee-party-a-nova-tendencia-de-cafe-moda\/\" \/>\n<meta property=\"og:locale\" content=\"pt_BR\" \/>\n<meta property=\"og:type\" content=\"article\" \/>\n<meta property=\"og:title\" content=\"Brew Mossimo Coffee Party: A nova tend\u00eancia de caf\u00e9 + moda - Iconix Latin\" \/>\n<meta property=\"og:description\" content=\"Uma ativa\u00e7\u00e3o que celebrou os cruzamentos entre mundos \u2014 looks, criatividade e o ritual do caf\u00e9 \u2014 em uma tarde repleta de express\u00e3o pessoal e encontros aut\u00eanticos ao lado da Mossimo.\" \/>\n<meta property=\"og:url\" content=\"https:\/\/iconixlatam.com\/pt-br\/2025\/12\/05\/brew-mossimo-coffee-party-a-nova-tendencia-de-cafe-moda\/\" \/>\n<meta property=\"og:site_name\" content=\"Iconix Latin\" \/>\n<meta property=\"article:published_time\" content=\"2025-12-05T16:35:00+00:00\" \/>\n<meta property=\"article:modified_time\" content=\"2025-12-05T20:14:43+00:00\" \/>\n<meta property=\"og:image\" content=\"https:\/\/iconixlatam.com\/wp-content\/uploads\/2025\/12\/Diseno-sin-titulo-3.jpg\" \/>\n\t<meta property=\"og:image:width\" content=\"1920\" \/>\n\t<meta property=\"og:image:height\" content=\"1080\" \/>\n\t<meta property=\"og:image:type\" content=\"image\/jpeg\" \/>\n<meta name=\"author\" content=\"latiniconix\" \/>\n<meta name=\"twitter:card\" content=\"summary_large_image\" \/>\n<meta name=\"twitter:label1\" content=\"Escrito por\" \/>\n\t<meta name=\"twitter:data1\" content=\"latiniconix\" \/>\n\t<meta name=\"twitter:label2\" content=\"Est. tempo de leitura\" \/>\n\t<meta name=\"twitter:data2\" content=\"2 minutos\" \/>\n<script type=\"application\/ld+json\" class=\"yoast-schema-graph\">{\"@context\":\"https:\\\/\\\/schema.org\",\"@graph\":[{\"@type\":\"Article\",\"@id\":\"https:\\\/\\\/iconixlatam.com\\\/pt-br\\\/2025\\\/12\\\/05\\\/brew-mossimo-coffee-party-a-nova-tendencia-de-cafe-moda\\\/#article\",\"isPartOf\":{\"@id\":\"https:\\\/\\\/iconixlatam.com\\\/pt-br\\\/2025\\\/12\\\/05\\\/brew-mossimo-coffee-party-a-nova-tendencia-de-cafe-moda\\\/\"},\"author\":{\"name\":\"latiniconix\",\"@id\":\"https:\\\/\\\/iconixlatam.com\\\/#\\\/schema\\\/person\\\/72788aa7f2a8d1f155e209543b3d5b1f\"},\"headline\":\"Brew Mossimo Coffee Party: A nova tend\u00eancia de caf\u00e9 + moda\",\"datePublished\":\"2025-12-05T16:35:00+00:00\",\"dateModified\":\"2025-12-05T20:14:43+00:00\",\"mainEntityOfPage\":{\"@id\":\"https:\\\/\\\/iconixlatam.com\\\/pt-br\\\/2025\\\/12\\\/05\\\/brew-mossimo-coffee-party-a-nova-tendencia-de-cafe-moda\\\/\"},\"wordCount\":395,\"commentCount\":0,\"publisher\":{\"@id\":\"https:\\\/\\\/iconixlatam.com\\\/#organization\"},\"image\":{\"@id\":\"https:\\\/\\\/iconixlatam.com\\\/pt-br\\\/2025\\\/12\\\/05\\\/brew-mossimo-coffee-party-a-nova-tendencia-de-cafe-moda\\\/#primaryimage\"},\"thumbnailUrl\":\"https:\\\/\\\/iconixlatam.com\\\/wp-content\\\/uploads\\\/2025\\\/12\\\/Diseno-sin-titulo-3.jpg\",\"keywords\":[\"Austin Palao\",\"Brew Mossimo\",\"Coleccio\u00f3n Mossimo\",\"ICONIX LATAM\",\"Mossimo Chile\"],\"articleSection\":[\"Latam\"],\"inLanguage\":\"pt-BR\",\"potentialAction\":[{\"@type\":\"CommentAction\",\"name\":\"Comment\",\"target\":[\"https:\\\/\\\/iconixlatam.com\\\/pt-br\\\/2025\\\/12\\\/05\\\/brew-mossimo-coffee-party-a-nova-tendencia-de-cafe-moda\\\/#respond\"]}]},{\"@type\":\"WebPage\",\"@id\":\"https:\\\/\\\/iconixlatam.com\\\/pt-br\\\/2025\\\/12\\\/05\\\/brew-mossimo-coffee-party-a-nova-tendencia-de-cafe-moda\\\/\",\"url\":\"https:\\\/\\\/iconixlatam.com\\\/pt-br\\\/2025\\\/12\\\/05\\\/brew-mossimo-coffee-party-a-nova-tendencia-de-cafe-moda\\\/\",\"name\":\"Brew Mossimo Coffee Party: A nova tend\u00eancia de caf\u00e9 + moda - Iconix Latin\",\"isPartOf\":{\"@id\":\"https:\\\/\\\/iconixlatam.com\\\/#website\"},\"primaryImageOfPage\":{\"@id\":\"https:\\\/\\\/iconixlatam.com\\\/pt-br\\\/2025\\\/12\\\/05\\\/brew-mossimo-coffee-party-a-nova-tendencia-de-cafe-moda\\\/#primaryimage\"},\"image\":{\"@id\":\"https:\\\/\\\/iconixlatam.com\\\/pt-br\\\/2025\\\/12\\\/05\\\/brew-mossimo-coffee-party-a-nova-tendencia-de-cafe-moda\\\/#primaryimage\"},\"thumbnailUrl\":\"https:\\\/\\\/iconixlatam.com\\\/wp-content\\\/uploads\\\/2025\\\/12\\\/Diseno-sin-titulo-3.jpg\",\"datePublished\":\"2025-12-05T16:35:00+00:00\",\"dateModified\":\"2025-12-05T20:14:43+00:00\",\"breadcrumb\":{\"@id\":\"https:\\\/\\\/iconixlatam.com\\\/pt-br\\\/2025\\\/12\\\/05\\\/brew-mossimo-coffee-party-a-nova-tendencia-de-cafe-moda\\\/#breadcrumb\"},\"inLanguage\":\"pt-BR\",\"potentialAction\":[{\"@type\":\"ReadAction\",\"target\":[\"https:\\\/\\\/iconixlatam.com\\\/pt-br\\\/2025\\\/12\\\/05\\\/brew-mossimo-coffee-party-a-nova-tendencia-de-cafe-moda\\\/\"]}]},{\"@type\":\"ImageObject\",\"inLanguage\":\"pt-BR\",\"@id\":\"https:\\\/\\\/iconixlatam.com\\\/pt-br\\\/2025\\\/12\\\/05\\\/brew-mossimo-coffee-party-a-nova-tendencia-de-cafe-moda\\\/#primaryimage\",\"url\":\"https:\\\/\\\/iconixlatam.com\\\/wp-content\\\/uploads\\\/2025\\\/12\\\/Diseno-sin-titulo-3.jpg\",\"contentUrl\":\"https:\\\/\\\/iconixlatam.com\\\/wp-content\\\/uploads\\\/2025\\\/12\\\/Diseno-sin-titulo-3.jpg\",\"width\":1920,\"height\":1080},{\"@type\":\"BreadcrumbList\",\"@id\":\"https:\\\/\\\/iconixlatam.com\\\/pt-br\\\/2025\\\/12\\\/05\\\/brew-mossimo-coffee-party-a-nova-tendencia-de-cafe-moda\\\/#breadcrumb\",\"itemListElement\":[{\"@type\":\"ListItem\",\"position\":1,\"name\":\"Portada\",\"item\":\"https:\\\/\\\/iconixlatam.com\\\/pt-br\\\/sample-page\\\/\"},{\"@type\":\"ListItem\",\"position\":2,\"name\":\"Brew Mossimo Coffee Party: A nova tend\u00eancia de caf\u00e9 + moda\"}]},{\"@type\":\"WebSite\",\"@id\":\"https:\\\/\\\/iconixlatam.com\\\/#website\",\"url\":\"https:\\\/\\\/iconixlatam.com\\\/\",\"name\":\"Iconix Latin\",\"description\":\"Con un enfoque innovador y comercial, brindamos soluciones de gesti\u00f3n de marca para maximizar su valor global.\",\"publisher\":{\"@id\":\"https:\\\/\\\/iconixlatam.com\\\/#organization\"},\"potentialAction\":[{\"@type\":\"SearchAction\",\"target\":{\"@type\":\"EntryPoint\",\"urlTemplate\":\"https:\\\/\\\/iconixlatam.com\\\/?s={search_term_string}\"},\"query-input\":{\"@type\":\"PropertyValueSpecification\",\"valueRequired\":true,\"valueName\":\"search_term_string\"}}],\"inLanguage\":\"pt-BR\"},{\"@type\":\"Organization\",\"@id\":\"https:\\\/\\\/iconixlatam.com\\\/#organization\",\"name\":\"Iconix Latin\",\"url\":\"https:\\\/\\\/iconixlatam.com\\\/\",\"logo\":{\"@type\":\"ImageObject\",\"inLanguage\":\"pt-BR\",\"@id\":\"https:\\\/\\\/iconixlatam.com\\\/#\\\/schema\\\/logo\\\/image\\\/\",\"url\":\"https:\\\/\\\/iconixlatam.com\\\/wp-content\\\/uploads\\\/2025\\\/03\\\/logo.svg\",\"contentUrl\":\"https:\\\/\\\/iconixlatam.com\\\/wp-content\\\/uploads\\\/2025\\\/03\\\/logo.svg\",\"width\":155,\"height\":81,\"caption\":\"Iconix Latin\"},\"image\":{\"@id\":\"https:\\\/\\\/iconixlatam.com\\\/#\\\/schema\\\/logo\\\/image\\\/\"},\"sameAs\":[\"https:\\\/\\\/www.instagram.com\\\/iconixlatinamerica\\\/\",\"https:\\\/\\\/www.linkedin.com\\\/company\\\/iconix-international\\\/posts\\\/?feedView=all\"]},{\"@type\":\"Person\",\"@id\":\"https:\\\/\\\/iconixlatam.com\\\/#\\\/schema\\\/person\\\/72788aa7f2a8d1f155e209543b3d5b1f\",\"name\":\"latiniconix\",\"image\":{\"@type\":\"ImageObject\",\"inLanguage\":\"pt-BR\",\"@id\":\"https:\\\/\\\/secure.gravatar.com\\\/avatar\\\/07852c9106134c91b4ce80fcc8777519c728ba684d3ffdf52fd51ef65d8f1d20?s=96&d=mm&r=g\",\"url\":\"https:\\\/\\\/secure.gravatar.com\\\/avatar\\\/07852c9106134c91b4ce80fcc8777519c728ba684d3ffdf52fd51ef65d8f1d20?s=96&d=mm&r=g\",\"contentUrl\":\"https:\\\/\\\/secure.gravatar.com\\\/avatar\\\/07852c9106134c91b4ce80fcc8777519c728ba684d3ffdf52fd51ef65d8f1d20?s=96&d=mm&r=g\",\"caption\":\"latiniconix\"},\"sameAs\":[\"https:\\\/\\\/iconixlatam.com\"],\"url\":\"https:\\\/\\\/iconixlatam.com\\\/pt-br\\\/author\\\/latiniconix\\\/\"}]}<\/script>\n<!-- \/ Yoast SEO plugin. -->","yoast_head_json":{"title":"Brew Mossimo Coffee Party: A nova tend\u00eancia de caf\u00e9 + moda - Iconix Latin","robots":{"index":"index","follow":"follow","max-snippet":"max-snippet:-1","max-image-preview":"max-image-preview:large","max-video-preview":"max-video-preview:-1"},"canonical":"https:\/\/iconixlatam.com\/pt-br\/2025\/12\/05\/brew-mossimo-coffee-party-a-nova-tendencia-de-cafe-moda\/","og_locale":"pt_BR","og_type":"article","og_title":"Brew Mossimo Coffee Party: A nova tend\u00eancia de caf\u00e9 + moda - Iconix Latin","og_description":"Uma ativa\u00e7\u00e3o que celebrou os cruzamentos entre mundos \u2014 looks, criatividade e o ritual do caf\u00e9 \u2014 em uma tarde repleta de express\u00e3o pessoal e encontros aut\u00eanticos ao lado da Mossimo.","og_url":"https:\/\/iconixlatam.com\/pt-br\/2025\/12\/05\/brew-mossimo-coffee-party-a-nova-tendencia-de-cafe-moda\/","og_site_name":"Iconix Latin","article_published_time":"2025-12-05T16:35:00+00:00","article_modified_time":"2025-12-05T20:14:43+00:00","og_image":[{"width":1920,"height":1080,"url":"https:\/\/iconixlatam.com\/wp-content\/uploads\/2025\/12\/Diseno-sin-titulo-3.jpg","type":"image\/jpeg"}],"author":"latiniconix","twitter_card":"summary_large_image","twitter_misc":{"Escrito por":"latiniconix","Est. tempo de leitura":"2 minutos"},"schema":{"@context":"https:\/\/schema.org","@graph":[{"@type":"Article","@id":"https:\/\/iconixlatam.com\/pt-br\/2025\/12\/05\/brew-mossimo-coffee-party-a-nova-tendencia-de-cafe-moda\/#article","isPartOf":{"@id":"https:\/\/iconixlatam.com\/pt-br\/2025\/12\/05\/brew-mossimo-coffee-party-a-nova-tendencia-de-cafe-moda\/"},"author":{"name":"latiniconix","@id":"https:\/\/iconixlatam.com\/#\/schema\/person\/72788aa7f2a8d1f155e209543b3d5b1f"},"headline":"Brew Mossimo Coffee Party: A nova tend\u00eancia de caf\u00e9 + moda","datePublished":"2025-12-05T16:35:00+00:00","dateModified":"2025-12-05T20:14:43+00:00","mainEntityOfPage":{"@id":"https:\/\/iconixlatam.com\/pt-br\/2025\/12\/05\/brew-mossimo-coffee-party-a-nova-tendencia-de-cafe-moda\/"},"wordCount":395,"commentCount":0,"publisher":{"@id":"https:\/\/iconixlatam.com\/#organization"},"image":{"@id":"https:\/\/iconixlatam.com\/pt-br\/2025\/12\/05\/brew-mossimo-coffee-party-a-nova-tendencia-de-cafe-moda\/#primaryimage"},"thumbnailUrl":"https:\/\/iconixlatam.com\/wp-content\/uploads\/2025\/12\/Diseno-sin-titulo-3.jpg","keywords":["Austin Palao","Brew Mossimo","Coleccio\u00f3n Mossimo","ICONIX LATAM","Mossimo Chile"],"articleSection":["Latam"],"inLanguage":"pt-BR","potentialAction":[{"@type":"CommentAction","name":"Comment","target":["https:\/\/iconixlatam.com\/pt-br\/2025\/12\/05\/brew-mossimo-coffee-party-a-nova-tendencia-de-cafe-moda\/#respond"]}]},{"@type":"WebPage","@id":"https:\/\/iconixlatam.com\/pt-br\/2025\/12\/05\/brew-mossimo-coffee-party-a-nova-tendencia-de-cafe-moda\/","url":"https:\/\/iconixlatam.com\/pt-br\/2025\/12\/05\/brew-mossimo-coffee-party-a-nova-tendencia-de-cafe-moda\/","name":"Brew Mossimo Coffee Party: A nova tend\u00eancia de caf\u00e9 + moda - Iconix Latin","isPartOf":{"@id":"https:\/\/iconixlatam.com\/#website"},"primaryImageOfPage":{"@id":"https:\/\/iconixlatam.com\/pt-br\/2025\/12\/05\/brew-mossimo-coffee-party-a-nova-tendencia-de-cafe-moda\/#primaryimage"},"image":{"@id":"https:\/\/iconixlatam.com\/pt-br\/2025\/12\/05\/brew-mossimo-coffee-party-a-nova-tendencia-de-cafe-moda\/#primaryimage"},"thumbnailUrl":"https:\/\/iconixlatam.com\/wp-content\/uploads\/2025\/12\/Diseno-sin-titulo-3.jpg","datePublished":"2025-12-05T16:35:00+00:00","dateModified":"2025-12-05T20:14:43+00:00","breadcrumb":{"@id":"https:\/\/iconixlatam.com\/pt-br\/2025\/12\/05\/brew-mossimo-coffee-party-a-nova-tendencia-de-cafe-moda\/#breadcrumb"},"inLanguage":"pt-BR","potentialAction":[{"@type":"ReadAction","target":["https:\/\/iconixlatam.com\/pt-br\/2025\/12\/05\/brew-mossimo-coffee-party-a-nova-tendencia-de-cafe-moda\/"]}]},{"@type":"ImageObject","inLanguage":"pt-BR","@id":"https:\/\/iconixlatam.com\/pt-br\/2025\/12\/05\/brew-mossimo-coffee-party-a-nova-tendencia-de-cafe-moda\/#primaryimage","url":"https:\/\/iconixlatam.com\/wp-content\/uploads\/2025\/12\/Diseno-sin-titulo-3.jpg","contentUrl":"https:\/\/iconixlatam.com\/wp-content\/uploads\/2025\/12\/Diseno-sin-titulo-3.jpg","width":1920,"height":1080},{"@type":"BreadcrumbList","@id":"https:\/\/iconixlatam.com\/pt-br\/2025\/12\/05\/brew-mossimo-coffee-party-a-nova-tendencia-de-cafe-moda\/#breadcrumb","itemListElement":[{"@type":"ListItem","position":1,"name":"Portada","item":"https:\/\/iconixlatam.com\/pt-br\/sample-page\/"},{"@type":"ListItem","position":2,"name":"Brew Mossimo Coffee Party: A nova tend\u00eancia de caf\u00e9 + moda"}]},{"@type":"WebSite","@id":"https:\/\/iconixlatam.com\/#website","url":"https:\/\/iconixlatam.com\/","name":"Iconix Latin","description":"Con un enfoque innovador y comercial, brindamos soluciones de gesti\u00f3n de marca para maximizar su valor global.","publisher":{"@id":"https:\/\/iconixlatam.com\/#organization"},"potentialAction":[{"@type":"SearchAction","target":{"@type":"EntryPoint","urlTemplate":"https:\/\/iconixlatam.com\/?s={search_term_string}"},"query-input":{"@type":"PropertyValueSpecification","valueRequired":true,"valueName":"search_term_string"}}],"inLanguage":"pt-BR"},{"@type":"Organization","@id":"https:\/\/iconixlatam.com\/#organization","name":"Iconix Latin","url":"https:\/\/iconixlatam.com\/","logo":{"@type":"ImageObject","inLanguage":"pt-BR","@id":"https:\/\/iconixlatam.com\/#\/schema\/logo\/image\/","url":"https:\/\/iconixlatam.com\/wp-content\/uploads\/2025\/03\/logo.svg","contentUrl":"https:\/\/iconixlatam.com\/wp-content\/uploads\/2025\/03\/logo.svg","width":155,"height":81,"caption":"Iconix Latin"},"image":{"@id":"https:\/\/iconixlatam.com\/#\/schema\/logo\/image\/"},"sameAs":["https:\/\/www.instagram.com\/iconixlatinamerica\/","https:\/\/www.linkedin.com\/company\/iconix-international\/posts\/?feedView=all"]},{"@type":"Person","@id":"https:\/\/iconixlatam.com\/#\/schema\/person\/72788aa7f2a8d1f155e209543b3d5b1f","name":"latiniconix","image":{"@type":"ImageObject","inLanguage":"pt-BR","@id":"https:\/\/secure.gravatar.com\/avatar\/07852c9106134c91b4ce80fcc8777519c728ba684d3ffdf52fd51ef65d8f1d20?s=96&d=mm&r=g","url":"https:\/\/secure.gravatar.com\/avatar\/07852c9106134c91b4ce80fcc8777519c728ba684d3ffdf52fd51ef65d8f1d20?s=96&d=mm&r=g","contentUrl":"https:\/\/secure.gravatar.com\/avatar\/07852c9106134c91b4ce80fcc8777519c728ba684d3ffdf52fd51ef65d8f1d20?s=96&d=mm&r=g","caption":"latiniconix"},"sameAs":["https:\/\/iconixlatam.com"],"url":"https:\/\/iconixlatam.com\/pt-br\/author\/latiniconix\/"}]}},"_links":{"self":[{"href":"https:\/\/iconixlatam.com\/pt-br\/wp-json\/wp\/v2\/posts\/2968","targetHints":{"allow":["GET"]}}],"collection":[{"href":"https:\/\/iconixlatam.com\/pt-br\/wp-json\/wp\/v2\/posts"}],"about":[{"href":"https:\/\/iconixlatam.com\/pt-br\/wp-json\/wp\/v2\/types\/post"}],"author":[{"embeddable":true,"href":"https:\/\/iconixlatam.com\/pt-br\/wp-json\/wp\/v2\/users\/1"}],"replies":[{"embeddable":true,"href":"https:\/\/iconixlatam.com\/pt-br\/wp-json\/wp\/v2\/comments?post=2968"}],"version-history":[{"count":1,"href":"https:\/\/iconixlatam.com\/pt-br\/wp-json\/wp\/v2\/posts\/2968\/revisions"}],"predecessor-version":[{"id":2971,"href":"https:\/\/iconixlatam.com\/pt-br\/wp-json\/wp\/v2\/posts\/2968\/revisions\/2971"}],"wp:featuredmedia":[{"embeddable":true,"href":"https:\/\/iconixlatam.com\/pt-br\/wp-json\/wp\/v2\/media\/2956"}],"wp:attachment":[{"href":"https:\/\/iconixlatam.com\/pt-br\/wp-json\/wp\/v2\/media?parent=2968"}],"wp:term":[{"taxonomy":"category","embeddable":true,"href":"https:\/\/iconixlatam.com\/pt-br\/wp-json\/wp\/v2\/categories?post=2968"},{"taxonomy":"post_tag","embeddable":true,"href":"https:\/\/iconixlatam.com\/pt-br\/wp-json\/wp\/v2\/tags?post=2968"}],"curies":[{"name":"wp","href":"https:\/\/api.w.org\/{rel}","templated":true}]}}