{"id":2942,"date":"2025-10-27T19:51:40","date_gmt":"2025-10-27T19:51:40","guid":{"rendered":"https:\/\/iconixlatam.com\/?p=2942"},"modified":"2025-10-28T13:55:26","modified_gmt":"2025-10-28T13:55:26","slug":"ed-hardy-x-dmag-a-colaboracao-que-conecta-com-a-geracao-z","status":"publish","type":"post","link":"https:\/\/iconixlatam.com\/pt-br\/2025\/10\/27\/ed-hardy-x-dmag-a-colaboracao-que-conecta-com-a-geracao-z\/","title":{"rendered":"Ed Hardy x DMAG: A colabora\u00e7\u00e3o que conecta com a Gera\u00e7\u00e3o Z"},"content":{"rendered":"\n<p>A <strong>marca norte-americana<\/strong> uniu-se \u00e0 <strong><a href=\"https:\/\/dmagazine.com.ar\/news\/ed-hardy-del-tatuaje-a-simbolo-de-la-cultura-pop-de-los-2000\/\" data-type=\"link\" data-id=\"https:\/\/dmagazine.com.ar\/news\/ed-hardy-del-tatuaje-a-simbolo-de-la-cultura-pop-de-los-2000\/\" target=\"_blank\" rel=\"noreferrer noopener\">DMAG<\/a><\/strong>, plataforma de refer\u00eancia em <strong>moda, arte e cultura <\/strong>dirigida por <strong>Bel\u00e9n Baldelomar<\/strong>, junto \u00e0s criadoras do <strong><a href=\"https:\/\/www.instagram.com\/stylers.blg\/\" data-type=\"link\" data-id=\"https:\/\/www.instagram.com\/stylers.blg\/\" target=\"_blank\" rel=\"noreferrer noopener\">@Stylers.blg<\/a><\/strong>, em uma proposta que <strong>celebra a criatividade e o estilo das novas gera\u00e7\u00f5es<\/strong>. Com mais de vinte anos impulsionando tend\u00eancias, a revista consolidou-se como um espa\u00e7o que <strong>une moda, fotografia, m\u00fasica e lifestyle<\/strong>, dando visibilidade a novas vozes e perspectivas dentro do cen\u00e1rio criativo <strong>latino-americano.<\/strong><\/p>\n\n\n\n<p>Nesta oportunidade, a <strong>Ed Hardy<\/strong> juntou-se \u00e0 <strong>equipe editorial da revista<\/strong>, refor\u00e7ando sua conex\u00e3o com a<strong> cultura jovem<\/strong> e a <strong>linguagem visual da Gera\u00e7\u00e3o Z<\/strong>. A a\u00e7\u00e3o foi co-criada com as meninas do<a href=\"https:\/\/www.instagram.com\/stylers.blg\/\" data-type=\"link\" data-id=\"https:\/\/www.instagram.com\/stylers.blg\/\" target=\"_blank\" rel=\"noreferrer noopener\"> <strong>@stylers.blg<\/strong><\/a>, uma dupla de criativas que combina <strong>moda, design e fotografia<\/strong> com uma est\u00e9tica <strong>aut\u00eantica e muito cool.<\/strong><\/p>\n\n\n\n<div style=\"max-width:360px; margin:0 auto;\">\n  <blockquote class=\"instagram-media\"\n    data-instgrm-permalink=\"https:\/\/www.instagram.com\/reel\/DPzlK1ajdfW\/\"\n    data-instgrm-version=\"14\"\n    style=\"background:#fff; border:0; margin:0 auto; width:100%;\">\n  <\/blockquote>\n<\/div>\n<script async src=\"https:\/\/www.instagram.com\/embed.js\"><\/script>\n\n\n\n<p>Elas pr\u00f3prias selecionaram suas pe\u00e7as favoritas da <strong>Ed Hardy <\/strong>para reinterpret\u00e1-las a partir de seu estilo pessoal, gerando <strong>conte\u00fado fiel \u00e0 sua identidade e ao esp\u00edrito de sua comunidade<\/strong>. O resultado \u00e9 uma proposta visual fresca e genu\u00edna que reflete como <strong>a marca continua evoluindo junto \u00e0s novas gera\u00e7\u00f5es sem perder sua ess\u00eancia art\u00edstica e rebelde<\/strong>.<\/p>\n\n\n\n<div style=\"max-width:360px; margin:0 auto;\">\n  <blockquote class=\"instagram-media\"\n    data-instgrm-permalink=\"https:\/\/www.instagram.com\/p\/DPzvGpbEY38\/\"\n    data-instgrm-version=\"14\"\n    style=\"background:#fff; border:0; margin:0 auto; width:100%;\">\n  <\/blockquote>\n<\/div>\n<script async src=\"https:\/\/www.instagram.com\/embed.js\"><\/script>\n\n\n\n<p>Esta colabora\u00e7\u00e3o \u00e9 um novo passo no caminho da <strong>Ed Hardy<\/strong> para conectar-se com p\u00fablicos diversos, abra\u00e7ando a criatividade como motor e a arte como ponto de encontro entre <strong>moda, express\u00e3o e autenticidade<\/strong>.<\/p>\n\n\n\n<p>Descubra mais sobre esta colabora\u00e7\u00e3o no artigo da <a href=\"https:\/\/dmagazine.com.ar\/news\/ed-hardy-del-tatuaje-a-simbolo-de-la-cultura-pop-de-los-2000\/\" data-type=\"link\" data-id=\"https:\/\/dmagazine.com.ar\/news\/ed-hardy-del-tatuaje-a-simbolo-de-la-cultura-pop-de-los-2000\/\" target=\"_blank\" rel=\"noreferrer noopener\"><strong>DMAG Magazine<\/strong>.<\/a><\/p>\n\n\n\n<p><\/p>\n","protected":false},"excerpt":{"rendered":"<p>Uma produ\u00e7\u00e3o criativa e cheia de estilo, onde novas vozes reinterpretam as pe\u00e7as da Ed Hardy a partir de um olhar fresco e genu\u00edno.<\/p>\n","protected":false},"author":1,"featured_media":2938,"comment_status":"open","ping_status":"open","sticky":false,"template":"","format":"standard","meta":{"inline_featured_image":false,"footnotes":""},"categories":[27],"tags":[85,84,87],"class_list":["post-2942","post","type-post","status-publish","format-standard","has-post-thumbnail","hentry","category-latam-pt-br","tag-dmag-2","tag-ed-hardy-2","tag-ed-hardy-latam-2"],"yoast_head":"<!-- This site is optimized with the Yoast SEO plugin v27.3 - https:\/\/yoast.com\/product\/yoast-seo-wordpress\/ -->\n<title>Ed Hardy x DMAG: A colabora\u00e7\u00e3o que conecta com a Gera\u00e7\u00e3o Z - Iconix Latin<\/title>\n<meta name=\"robots\" content=\"index, follow, max-snippet:-1, max-image-preview:large, max-video-preview:-1\" \/>\n<link rel=\"canonical\" href=\"https:\/\/iconixlatam.com\/pt-br\/2025\/10\/27\/ed-hardy-x-dmag-a-colaboracao-que-conecta-com-a-geracao-z\/\" \/>\n<meta property=\"og:locale\" content=\"pt_BR\" \/>\n<meta property=\"og:type\" content=\"article\" \/>\n<meta property=\"og:title\" content=\"Ed Hardy x DMAG: A colabora\u00e7\u00e3o que conecta com a Gera\u00e7\u00e3o Z - Iconix Latin\" \/>\n<meta property=\"og:description\" content=\"Uma produ\u00e7\u00e3o criativa e cheia de estilo, onde novas vozes reinterpretam as pe\u00e7as da Ed Hardy a partir de um olhar fresco e genu\u00edno.\" \/>\n<meta property=\"og:url\" content=\"https:\/\/iconixlatam.com\/pt-br\/2025\/10\/27\/ed-hardy-x-dmag-a-colaboracao-que-conecta-com-a-geracao-z\/\" \/>\n<meta property=\"og:site_name\" content=\"Iconix Latin\" \/>\n<meta property=\"article:published_time\" content=\"2025-10-27T19:51:40+00:00\" \/>\n<meta property=\"article:modified_time\" content=\"2025-10-28T13:55:26+00:00\" \/>\n<meta property=\"og:image\" content=\"https:\/\/iconixlatam.com\/wp-content\/uploads\/2025\/10\/Diseno-sin-titulo-1.jpg\" \/>\n\t<meta property=\"og:image:width\" content=\"1920\" \/>\n\t<meta property=\"og:image:height\" content=\"1080\" \/>\n\t<meta property=\"og:image:type\" content=\"image\/jpeg\" \/>\n<meta name=\"author\" content=\"latiniconix\" \/>\n<meta name=\"twitter:card\" content=\"summary_large_image\" \/>\n<meta name=\"twitter:label1\" content=\"Escrito por\" \/>\n\t<meta name=\"twitter:data1\" content=\"latiniconix\" \/>\n\t<meta name=\"twitter:label2\" content=\"Est. tempo de leitura\" \/>\n\t<meta name=\"twitter:data2\" content=\"1 minuto\" \/>\n<script type=\"application\/ld+json\" class=\"yoast-schema-graph\">{\"@context\":\"https:\\\/\\\/schema.org\",\"@graph\":[{\"@type\":\"Article\",\"@id\":\"https:\\\/\\\/iconixlatam.com\\\/pt-br\\\/2025\\\/10\\\/27\\\/ed-hardy-x-dmag-a-colaboracao-que-conecta-com-a-geracao-z\\\/#article\",\"isPartOf\":{\"@id\":\"https:\\\/\\\/iconixlatam.com\\\/pt-br\\\/2025\\\/10\\\/27\\\/ed-hardy-x-dmag-a-colaboracao-que-conecta-com-a-geracao-z\\\/\"},\"author\":{\"name\":\"latiniconix\",\"@id\":\"https:\\\/\\\/iconixlatam.com\\\/#\\\/schema\\\/person\\\/72788aa7f2a8d1f155e209543b3d5b1f\"},\"headline\":\"Ed Hardy x DMAG: A colabora\u00e7\u00e3o que conecta com a Gera\u00e7\u00e3o Z\",\"datePublished\":\"2025-10-27T19:51:40+00:00\",\"dateModified\":\"2025-10-28T13:55:26+00:00\",\"mainEntityOfPage\":{\"@id\":\"https:\\\/\\\/iconixlatam.com\\\/pt-br\\\/2025\\\/10\\\/27\\\/ed-hardy-x-dmag-a-colaboracao-que-conecta-com-a-geracao-z\\\/\"},\"wordCount\":256,\"commentCount\":0,\"publisher\":{\"@id\":\"https:\\\/\\\/iconixlatam.com\\\/#organization\"},\"image\":{\"@id\":\"https:\\\/\\\/iconixlatam.com\\\/pt-br\\\/2025\\\/10\\\/27\\\/ed-hardy-x-dmag-a-colaboracao-que-conecta-com-a-geracao-z\\\/#primaryimage\"},\"thumbnailUrl\":\"https:\\\/\\\/iconixlatam.com\\\/wp-content\\\/uploads\\\/2025\\\/10\\\/Diseno-sin-titulo-1.jpg\",\"keywords\":[\"DMAG\",\"ED HARDY\",\"ED HARDY LATAM\"],\"articleSection\":[\"Latam\"],\"inLanguage\":\"pt-BR\",\"potentialAction\":[{\"@type\":\"CommentAction\",\"name\":\"Comment\",\"target\":[\"https:\\\/\\\/iconixlatam.com\\\/pt-br\\\/2025\\\/10\\\/27\\\/ed-hardy-x-dmag-a-colaboracao-que-conecta-com-a-geracao-z\\\/#respond\"]}]},{\"@type\":\"WebPage\",\"@id\":\"https:\\\/\\\/iconixlatam.com\\\/pt-br\\\/2025\\\/10\\\/27\\\/ed-hardy-x-dmag-a-colaboracao-que-conecta-com-a-geracao-z\\\/\",\"url\":\"https:\\\/\\\/iconixlatam.com\\\/pt-br\\\/2025\\\/10\\\/27\\\/ed-hardy-x-dmag-a-colaboracao-que-conecta-com-a-geracao-z\\\/\",\"name\":\"Ed Hardy x DMAG: A colabora\u00e7\u00e3o que conecta com a Gera\u00e7\u00e3o Z - Iconix Latin\",\"isPartOf\":{\"@id\":\"https:\\\/\\\/iconixlatam.com\\\/#website\"},\"primaryImageOfPage\":{\"@id\":\"https:\\\/\\\/iconixlatam.com\\\/pt-br\\\/2025\\\/10\\\/27\\\/ed-hardy-x-dmag-a-colaboracao-que-conecta-com-a-geracao-z\\\/#primaryimage\"},\"image\":{\"@id\":\"https:\\\/\\\/iconixlatam.com\\\/pt-br\\\/2025\\\/10\\\/27\\\/ed-hardy-x-dmag-a-colaboracao-que-conecta-com-a-geracao-z\\\/#primaryimage\"},\"thumbnailUrl\":\"https:\\\/\\\/iconixlatam.com\\\/wp-content\\\/uploads\\\/2025\\\/10\\\/Diseno-sin-titulo-1.jpg\",\"datePublished\":\"2025-10-27T19:51:40+00:00\",\"dateModified\":\"2025-10-28T13:55:26+00:00\",\"breadcrumb\":{\"@id\":\"https:\\\/\\\/iconixlatam.com\\\/pt-br\\\/2025\\\/10\\\/27\\\/ed-hardy-x-dmag-a-colaboracao-que-conecta-com-a-geracao-z\\\/#breadcrumb\"},\"inLanguage\":\"pt-BR\",\"potentialAction\":[{\"@type\":\"ReadAction\",\"target\":[\"https:\\\/\\\/iconixlatam.com\\\/pt-br\\\/2025\\\/10\\\/27\\\/ed-hardy-x-dmag-a-colaboracao-que-conecta-com-a-geracao-z\\\/\"]}]},{\"@type\":\"ImageObject\",\"inLanguage\":\"pt-BR\",\"@id\":\"https:\\\/\\\/iconixlatam.com\\\/pt-br\\\/2025\\\/10\\\/27\\\/ed-hardy-x-dmag-a-colaboracao-que-conecta-com-a-geracao-z\\\/#primaryimage\",\"url\":\"https:\\\/\\\/iconixlatam.com\\\/wp-content\\\/uploads\\\/2025\\\/10\\\/Diseno-sin-titulo-1.jpg\",\"contentUrl\":\"https:\\\/\\\/iconixlatam.com\\\/wp-content\\\/uploads\\\/2025\\\/10\\\/Diseno-sin-titulo-1.jpg\",\"width\":1920,\"height\":1080},{\"@type\":\"BreadcrumbList\",\"@id\":\"https:\\\/\\\/iconixlatam.com\\\/pt-br\\\/2025\\\/10\\\/27\\\/ed-hardy-x-dmag-a-colaboracao-que-conecta-com-a-geracao-z\\\/#breadcrumb\",\"itemListElement\":[{\"@type\":\"ListItem\",\"position\":1,\"name\":\"Portada\",\"item\":\"https:\\\/\\\/iconixlatam.com\\\/pt-br\\\/sample-page\\\/\"},{\"@type\":\"ListItem\",\"position\":2,\"name\":\"Ed Hardy x DMAG: A colabora\u00e7\u00e3o que conecta com a Gera\u00e7\u00e3o Z\"}]},{\"@type\":\"WebSite\",\"@id\":\"https:\\\/\\\/iconixlatam.com\\\/#website\",\"url\":\"https:\\\/\\\/iconixlatam.com\\\/\",\"name\":\"Iconix Latin\",\"description\":\"Con un enfoque innovador y comercial, brindamos soluciones de gesti\u00f3n de marca para maximizar su valor global.\",\"publisher\":{\"@id\":\"https:\\\/\\\/iconixlatam.com\\\/#organization\"},\"potentialAction\":[{\"@type\":\"SearchAction\",\"target\":{\"@type\":\"EntryPoint\",\"urlTemplate\":\"https:\\\/\\\/iconixlatam.com\\\/?s={search_term_string}\"},\"query-input\":{\"@type\":\"PropertyValueSpecification\",\"valueRequired\":true,\"valueName\":\"search_term_string\"}}],\"inLanguage\":\"pt-BR\"},{\"@type\":\"Organization\",\"@id\":\"https:\\\/\\\/iconixlatam.com\\\/#organization\",\"name\":\"Iconix Latin\",\"url\":\"https:\\\/\\\/iconixlatam.com\\\/\",\"logo\":{\"@type\":\"ImageObject\",\"inLanguage\":\"pt-BR\",\"@id\":\"https:\\\/\\\/iconixlatam.com\\\/#\\\/schema\\\/logo\\\/image\\\/\",\"url\":\"https:\\\/\\\/iconixlatam.com\\\/wp-content\\\/uploads\\\/2025\\\/03\\\/logo.svg\",\"contentUrl\":\"https:\\\/\\\/iconixlatam.com\\\/wp-content\\\/uploads\\\/2025\\\/03\\\/logo.svg\",\"width\":155,\"height\":81,\"caption\":\"Iconix Latin\"},\"image\":{\"@id\":\"https:\\\/\\\/iconixlatam.com\\\/#\\\/schema\\\/logo\\\/image\\\/\"},\"sameAs\":[\"https:\\\/\\\/www.instagram.com\\\/iconixlatinamerica\\\/\",\"https:\\\/\\\/www.linkedin.com\\\/company\\\/iconix-international\\\/posts\\\/?feedView=all\"]},{\"@type\":\"Person\",\"@id\":\"https:\\\/\\\/iconixlatam.com\\\/#\\\/schema\\\/person\\\/72788aa7f2a8d1f155e209543b3d5b1f\",\"name\":\"latiniconix\",\"image\":{\"@type\":\"ImageObject\",\"inLanguage\":\"pt-BR\",\"@id\":\"https:\\\/\\\/secure.gravatar.com\\\/avatar\\\/07852c9106134c91b4ce80fcc8777519c728ba684d3ffdf52fd51ef65d8f1d20?s=96&d=mm&r=g\",\"url\":\"https:\\\/\\\/secure.gravatar.com\\\/avatar\\\/07852c9106134c91b4ce80fcc8777519c728ba684d3ffdf52fd51ef65d8f1d20?s=96&d=mm&r=g\",\"contentUrl\":\"https:\\\/\\\/secure.gravatar.com\\\/avatar\\\/07852c9106134c91b4ce80fcc8777519c728ba684d3ffdf52fd51ef65d8f1d20?s=96&d=mm&r=g\",\"caption\":\"latiniconix\"},\"sameAs\":[\"https:\\\/\\\/iconixlatam.com\"],\"url\":\"https:\\\/\\\/iconixlatam.com\\\/pt-br\\\/author\\\/latiniconix\\\/\"}]}<\/script>\n<!-- \/ Yoast SEO plugin. -->","yoast_head_json":{"title":"Ed Hardy x DMAG: A colabora\u00e7\u00e3o que conecta com a Gera\u00e7\u00e3o Z - Iconix Latin","robots":{"index":"index","follow":"follow","max-snippet":"max-snippet:-1","max-image-preview":"max-image-preview:large","max-video-preview":"max-video-preview:-1"},"canonical":"https:\/\/iconixlatam.com\/pt-br\/2025\/10\/27\/ed-hardy-x-dmag-a-colaboracao-que-conecta-com-a-geracao-z\/","og_locale":"pt_BR","og_type":"article","og_title":"Ed Hardy x DMAG: A colabora\u00e7\u00e3o que conecta com a Gera\u00e7\u00e3o Z - Iconix Latin","og_description":"Uma produ\u00e7\u00e3o criativa e cheia de estilo, onde novas vozes reinterpretam as pe\u00e7as da Ed Hardy a partir de um olhar fresco e genu\u00edno.","og_url":"https:\/\/iconixlatam.com\/pt-br\/2025\/10\/27\/ed-hardy-x-dmag-a-colaboracao-que-conecta-com-a-geracao-z\/","og_site_name":"Iconix Latin","article_published_time":"2025-10-27T19:51:40+00:00","article_modified_time":"2025-10-28T13:55:26+00:00","og_image":[{"width":1920,"height":1080,"url":"https:\/\/iconixlatam.com\/wp-content\/uploads\/2025\/10\/Diseno-sin-titulo-1.jpg","type":"image\/jpeg"}],"author":"latiniconix","twitter_card":"summary_large_image","twitter_misc":{"Escrito por":"latiniconix","Est. tempo de leitura":"1 minuto"},"schema":{"@context":"https:\/\/schema.org","@graph":[{"@type":"Article","@id":"https:\/\/iconixlatam.com\/pt-br\/2025\/10\/27\/ed-hardy-x-dmag-a-colaboracao-que-conecta-com-a-geracao-z\/#article","isPartOf":{"@id":"https:\/\/iconixlatam.com\/pt-br\/2025\/10\/27\/ed-hardy-x-dmag-a-colaboracao-que-conecta-com-a-geracao-z\/"},"author":{"name":"latiniconix","@id":"https:\/\/iconixlatam.com\/#\/schema\/person\/72788aa7f2a8d1f155e209543b3d5b1f"},"headline":"Ed Hardy x DMAG: A colabora\u00e7\u00e3o que conecta com a Gera\u00e7\u00e3o Z","datePublished":"2025-10-27T19:51:40+00:00","dateModified":"2025-10-28T13:55:26+00:00","mainEntityOfPage":{"@id":"https:\/\/iconixlatam.com\/pt-br\/2025\/10\/27\/ed-hardy-x-dmag-a-colaboracao-que-conecta-com-a-geracao-z\/"},"wordCount":256,"commentCount":0,"publisher":{"@id":"https:\/\/iconixlatam.com\/#organization"},"image":{"@id":"https:\/\/iconixlatam.com\/pt-br\/2025\/10\/27\/ed-hardy-x-dmag-a-colaboracao-que-conecta-com-a-geracao-z\/#primaryimage"},"thumbnailUrl":"https:\/\/iconixlatam.com\/wp-content\/uploads\/2025\/10\/Diseno-sin-titulo-1.jpg","keywords":["DMAG","ED HARDY","ED HARDY LATAM"],"articleSection":["Latam"],"inLanguage":"pt-BR","potentialAction":[{"@type":"CommentAction","name":"Comment","target":["https:\/\/iconixlatam.com\/pt-br\/2025\/10\/27\/ed-hardy-x-dmag-a-colaboracao-que-conecta-com-a-geracao-z\/#respond"]}]},{"@type":"WebPage","@id":"https:\/\/iconixlatam.com\/pt-br\/2025\/10\/27\/ed-hardy-x-dmag-a-colaboracao-que-conecta-com-a-geracao-z\/","url":"https:\/\/iconixlatam.com\/pt-br\/2025\/10\/27\/ed-hardy-x-dmag-a-colaboracao-que-conecta-com-a-geracao-z\/","name":"Ed Hardy x DMAG: A colabora\u00e7\u00e3o que conecta com a Gera\u00e7\u00e3o Z - Iconix Latin","isPartOf":{"@id":"https:\/\/iconixlatam.com\/#website"},"primaryImageOfPage":{"@id":"https:\/\/iconixlatam.com\/pt-br\/2025\/10\/27\/ed-hardy-x-dmag-a-colaboracao-que-conecta-com-a-geracao-z\/#primaryimage"},"image":{"@id":"https:\/\/iconixlatam.com\/pt-br\/2025\/10\/27\/ed-hardy-x-dmag-a-colaboracao-que-conecta-com-a-geracao-z\/#primaryimage"},"thumbnailUrl":"https:\/\/iconixlatam.com\/wp-content\/uploads\/2025\/10\/Diseno-sin-titulo-1.jpg","datePublished":"2025-10-27T19:51:40+00:00","dateModified":"2025-10-28T13:55:26+00:00","breadcrumb":{"@id":"https:\/\/iconixlatam.com\/pt-br\/2025\/10\/27\/ed-hardy-x-dmag-a-colaboracao-que-conecta-com-a-geracao-z\/#breadcrumb"},"inLanguage":"pt-BR","potentialAction":[{"@type":"ReadAction","target":["https:\/\/iconixlatam.com\/pt-br\/2025\/10\/27\/ed-hardy-x-dmag-a-colaboracao-que-conecta-com-a-geracao-z\/"]}]},{"@type":"ImageObject","inLanguage":"pt-BR","@id":"https:\/\/iconixlatam.com\/pt-br\/2025\/10\/27\/ed-hardy-x-dmag-a-colaboracao-que-conecta-com-a-geracao-z\/#primaryimage","url":"https:\/\/iconixlatam.com\/wp-content\/uploads\/2025\/10\/Diseno-sin-titulo-1.jpg","contentUrl":"https:\/\/iconixlatam.com\/wp-content\/uploads\/2025\/10\/Diseno-sin-titulo-1.jpg","width":1920,"height":1080},{"@type":"BreadcrumbList","@id":"https:\/\/iconixlatam.com\/pt-br\/2025\/10\/27\/ed-hardy-x-dmag-a-colaboracao-que-conecta-com-a-geracao-z\/#breadcrumb","itemListElement":[{"@type":"ListItem","position":1,"name":"Portada","item":"https:\/\/iconixlatam.com\/pt-br\/sample-page\/"},{"@type":"ListItem","position":2,"name":"Ed Hardy x DMAG: A colabora\u00e7\u00e3o que conecta com a Gera\u00e7\u00e3o Z"}]},{"@type":"WebSite","@id":"https:\/\/iconixlatam.com\/#website","url":"https:\/\/iconixlatam.com\/","name":"Iconix Latin","description":"Con un enfoque innovador y comercial, brindamos soluciones de gesti\u00f3n de marca para maximizar su valor global.","publisher":{"@id":"https:\/\/iconixlatam.com\/#organization"},"potentialAction":[{"@type":"SearchAction","target":{"@type":"EntryPoint","urlTemplate":"https:\/\/iconixlatam.com\/?s={search_term_string}"},"query-input":{"@type":"PropertyValueSpecification","valueRequired":true,"valueName":"search_term_string"}}],"inLanguage":"pt-BR"},{"@type":"Organization","@id":"https:\/\/iconixlatam.com\/#organization","name":"Iconix Latin","url":"https:\/\/iconixlatam.com\/","logo":{"@type":"ImageObject","inLanguage":"pt-BR","@id":"https:\/\/iconixlatam.com\/#\/schema\/logo\/image\/","url":"https:\/\/iconixlatam.com\/wp-content\/uploads\/2025\/03\/logo.svg","contentUrl":"https:\/\/iconixlatam.com\/wp-content\/uploads\/2025\/03\/logo.svg","width":155,"height":81,"caption":"Iconix Latin"},"image":{"@id":"https:\/\/iconixlatam.com\/#\/schema\/logo\/image\/"},"sameAs":["https:\/\/www.instagram.com\/iconixlatinamerica\/","https:\/\/www.linkedin.com\/company\/iconix-international\/posts\/?feedView=all"]},{"@type":"Person","@id":"https:\/\/iconixlatam.com\/#\/schema\/person\/72788aa7f2a8d1f155e209543b3d5b1f","name":"latiniconix","image":{"@type":"ImageObject","inLanguage":"pt-BR","@id":"https:\/\/secure.gravatar.com\/avatar\/07852c9106134c91b4ce80fcc8777519c728ba684d3ffdf52fd51ef65d8f1d20?s=96&d=mm&r=g","url":"https:\/\/secure.gravatar.com\/avatar\/07852c9106134c91b4ce80fcc8777519c728ba684d3ffdf52fd51ef65d8f1d20?s=96&d=mm&r=g","contentUrl":"https:\/\/secure.gravatar.com\/avatar\/07852c9106134c91b4ce80fcc8777519c728ba684d3ffdf52fd51ef65d8f1d20?s=96&d=mm&r=g","caption":"latiniconix"},"sameAs":["https:\/\/iconixlatam.com"],"url":"https:\/\/iconixlatam.com\/pt-br\/author\/latiniconix\/"}]}},"_links":{"self":[{"href":"https:\/\/iconixlatam.com\/pt-br\/wp-json\/wp\/v2\/posts\/2942","targetHints":{"allow":["GET"]}}],"collection":[{"href":"https:\/\/iconixlatam.com\/pt-br\/wp-json\/wp\/v2\/posts"}],"about":[{"href":"https:\/\/iconixlatam.com\/pt-br\/wp-json\/wp\/v2\/types\/post"}],"author":[{"embeddable":true,"href":"https:\/\/iconixlatam.com\/pt-br\/wp-json\/wp\/v2\/users\/1"}],"replies":[{"embeddable":true,"href":"https:\/\/iconixlatam.com\/pt-br\/wp-json\/wp\/v2\/comments?post=2942"}],"version-history":[{"count":3,"href":"https:\/\/iconixlatam.com\/pt-br\/wp-json\/wp\/v2\/posts\/2942\/revisions"}],"predecessor-version":[{"id":2951,"href":"https:\/\/iconixlatam.com\/pt-br\/wp-json\/wp\/v2\/posts\/2942\/revisions\/2951"}],"wp:featuredmedia":[{"embeddable":true,"href":"https:\/\/iconixlatam.com\/pt-br\/wp-json\/wp\/v2\/media\/2938"}],"wp:attachment":[{"href":"https:\/\/iconixlatam.com\/pt-br\/wp-json\/wp\/v2\/media?parent=2942"}],"wp:term":[{"taxonomy":"category","embeddable":true,"href":"https:\/\/iconixlatam.com\/pt-br\/wp-json\/wp\/v2\/categories?post=2942"},{"taxonomy":"post_tag","embeddable":true,"href":"https:\/\/iconixlatam.com\/pt-br\/wp-json\/wp\/v2\/tags?post=2942"}],"curies":[{"name":"wp","href":"https:\/\/api.w.org\/{rel}","templated":true}]}}