{"id":2855,"date":"2025-09-03T14:41:41","date_gmt":"2025-09-03T14:41:41","guid":{"rendered":"https:\/\/iconixlatam.com\/?p=2855"},"modified":"2025-09-04T19:27:12","modified_gmt":"2025-09-04T19:27:12","slug":"ecko-unltd-apresenta-jalen-williams-como-novo-embaixador-da-marca-e-colaborador-de-capsula-2-3-2-2","status":"publish","type":"post","link":"https:\/\/iconixlatam.com\/pt-br\/2025\/09\/03\/ecko-unltd-apresenta-jalen-williams-como-novo-embaixador-da-marca-e-colaborador-de-capsula-2-3-2-2\/","title":{"rendered":"Presen\u00e7a estrat\u00e9gica da Iconix na maior vitrine comercial do Panam\u00e1"},"content":{"rendered":"\n<p>A <strong>Iconix Latin America<\/strong> teve uma participa\u00e7\u00e3o de destaque na<strong> Feira Zona Livre 2025<\/strong>, realizada nos dias <strong>27 e 28 de agosto<\/strong> em <strong>Col\u00f3n, Panam\u00e1<\/strong>. Reconhecida como o evento comercial mais importante da <strong>Am\u00e9rica Latina e do Caribe<\/strong>, a feira reuniu mais de <strong>200 empresas<\/strong> e <strong>comerciantes de 40 pa\u00edses<\/strong>, consolidando-se como um ponto estrat\u00e9gico para o com\u00e9rcio, a inova\u00e7\u00e3o e a conex\u00e3o entre l\u00edderes.<\/p>\n\n\n\n<p>Representando a companhia, <strong>Guido Castignani, Diretor de Marketing LATAM<\/strong>, destacou o valor dessa primeira participa\u00e7\u00e3o: \u201cFoi uma grande oportunidade para conhecer novos potenciais licenciados. Embora n\u00e3o seja uma feira espec\u00edfica de licenciamento, ela acontece no cora\u00e7\u00e3o da ind\u00fastria t\u00eaxtil e da moda, que \u00e9 o territ\u00f3rio onde devemos estar para gerar novos neg\u00f3cios\u201d.<\/p>\n\n\n\n<p>Um dos principais aprendizados foi a necessidade de <strong>educar potenciais clientes sobre o modelo de licenciamento<\/strong>. \u201cV\u00e1rias empresas ligadas ao setor t\u00eaxtil n\u00e3o sabiam que podiam licenciar uma marca reconhecida e desenvolv\u00ea-la localmente. Isso nos levou a reapresentar e educar sobre as vantagens de trabalhar com marcas globais, e foi muito valioso\u201d, ressaltou Guido.<\/p>\n\n\n\n<p>A presen\u00e7a da<strong> Iconix<\/strong> tamb\u00e9m marcou uma diferen\u00e7a em rela\u00e7\u00e3o a outros expositores. \u201cEnquanto a maioria buscava clientes atacadistas para vender suas marcas j\u00e1 instaladas na Zona Livre, nosso objetivo foi oferecer licen\u00e7as de marcas globais dispon\u00edveis na regi\u00e3o. Essa diferen\u00e7a de enfoque nos deu uma presen\u00e7a \u00fanica\u201d, acrescentou.<\/p>\n\n\n\n<p>A experi\u00eancia confirmou a import\u00e2ncia de estarmos presentes nesse encontro regional e deixou abertas oportunidades para <strong>novas parcerias<\/strong>. Para n\u00f3s, \u201ca participa\u00e7\u00e3o nesta feira representou um passo muito importante no territ\u00f3rio, o que nos enche de orgulho. Ter proporcionado aos nossos licenciados a oportunidade de apresentar suas novas cole\u00e7\u00f5es nos gera enorme satisfa\u00e7\u00e3o e refor\u00e7a nosso compromisso de continuar impulsionando seu crescimento\u201d, acrescentou Federico Ini, Diretor de Neg\u00f3cios da Am\u00e9rica Central.<\/p>\n\n\n\n<pre id=\"tw-target-text\" class=\"wp-block-preformatted\"><\/pre>\n\n\n\n<p><\/p>\n","protected":false},"excerpt":{"rendered":"<p>A Iconix estreou na Feira Zona Livre 2025 no Panam\u00e1, apresentando seu modelo de licenciamento global e consolidando sua presen\u00e7a nos mercados da Am\u00e9rica Latina e do Caribe.<\/p>\n","protected":false},"author":1,"featured_media":2852,"comment_status":"open","ping_status":"open","sticky":false,"template":"","format":"standard","meta":{"inline_featured_image":false,"footnotes":""},"categories":[27],"tags":[58,33,57],"class_list":["post-2855","post","type-post","status-publish","format-standard","has-post-thumbnail","hentry","category-latam-pt-br","tag-feria-zona-livre","tag-iconix-latam","tag-zona-livre-2025"],"yoast_head":"<!-- This site is optimized with the Yoast SEO plugin v27.3 - https:\/\/yoast.com\/product\/yoast-seo-wordpress\/ -->\n<title>Presen\u00e7a estrat\u00e9gica da Iconix na maior vitrine comercial do Panam\u00e1 - Iconix Latin<\/title>\n<meta name=\"robots\" content=\"index, follow, max-snippet:-1, max-image-preview:large, max-video-preview:-1\" \/>\n<link rel=\"canonical\" href=\"https:\/\/iconixlatam.com\/pt-br\/2025\/09\/03\/ecko-unltd-apresenta-jalen-williams-como-novo-embaixador-da-marca-e-colaborador-de-capsula-2-3-2-2\/\" \/>\n<meta property=\"og:locale\" content=\"pt_BR\" \/>\n<meta property=\"og:type\" content=\"article\" \/>\n<meta property=\"og:title\" content=\"Presen\u00e7a estrat\u00e9gica da Iconix na maior vitrine comercial do Panam\u00e1 - Iconix Latin\" \/>\n<meta property=\"og:description\" content=\"A Iconix estreou na Feira Zona Livre 2025 no Panam\u00e1, apresentando seu modelo de licenciamento global e consolidando sua presen\u00e7a nos mercados da Am\u00e9rica Latina e do Caribe.\" \/>\n<meta property=\"og:url\" content=\"https:\/\/iconixlatam.com\/pt-br\/2025\/09\/03\/ecko-unltd-apresenta-jalen-williams-como-novo-embaixador-da-marca-e-colaborador-de-capsula-2-3-2-2\/\" \/>\n<meta property=\"og:site_name\" content=\"Iconix Latin\" \/>\n<meta property=\"article:published_time\" content=\"2025-09-03T14:41:41+00:00\" \/>\n<meta property=\"article:modified_time\" content=\"2025-09-04T19:27:12+00:00\" \/>\n<meta property=\"og:image\" content=\"https:\/\/iconixlatam.com\/wp-content\/uploads\/2025\/09\/ZL-1024x576.png\" \/>\n\t<meta property=\"og:image:width\" content=\"1024\" \/>\n\t<meta property=\"og:image:height\" content=\"576\" \/>\n\t<meta property=\"og:image:type\" content=\"image\/png\" \/>\n<meta name=\"author\" content=\"latiniconix\" \/>\n<meta name=\"twitter:card\" content=\"summary_large_image\" \/>\n<meta name=\"twitter:label1\" content=\"Escrito por\" \/>\n\t<meta name=\"twitter:data1\" content=\"latiniconix\" \/>\n\t<meta name=\"twitter:label2\" content=\"Est. tempo de leitura\" \/>\n\t<meta name=\"twitter:data2\" content=\"2 minutos\" \/>\n<script type=\"application\/ld+json\" class=\"yoast-schema-graph\">{\"@context\":\"https:\\\/\\\/schema.org\",\"@graph\":[{\"@type\":\"Article\",\"@id\":\"https:\\\/\\\/iconixlatam.com\\\/pt-br\\\/2025\\\/09\\\/03\\\/ecko-unltd-apresenta-jalen-williams-como-novo-embaixador-da-marca-e-colaborador-de-capsula-2-3-2-2\\\/#article\",\"isPartOf\":{\"@id\":\"https:\\\/\\\/iconixlatam.com\\\/pt-br\\\/2025\\\/09\\\/03\\\/ecko-unltd-apresenta-jalen-williams-como-novo-embaixador-da-marca-e-colaborador-de-capsula-2-3-2-2\\\/\"},\"author\":{\"name\":\"latiniconix\",\"@id\":\"https:\\\/\\\/iconixlatam.com\\\/#\\\/schema\\\/person\\\/72788aa7f2a8d1f155e209543b3d5b1f\"},\"headline\":\"Presen\u00e7a estrat\u00e9gica da Iconix na maior vitrine comercial do Panam\u00e1\",\"datePublished\":\"2025-09-03T14:41:41+00:00\",\"dateModified\":\"2025-09-04T19:27:12+00:00\",\"mainEntityOfPage\":{\"@id\":\"https:\\\/\\\/iconixlatam.com\\\/pt-br\\\/2025\\\/09\\\/03\\\/ecko-unltd-apresenta-jalen-williams-como-novo-embaixador-da-marca-e-colaborador-de-capsula-2-3-2-2\\\/\"},\"wordCount\":338,\"commentCount\":0,\"publisher\":{\"@id\":\"https:\\\/\\\/iconixlatam.com\\\/#organization\"},\"image\":{\"@id\":\"https:\\\/\\\/iconixlatam.com\\\/pt-br\\\/2025\\\/09\\\/03\\\/ecko-unltd-apresenta-jalen-williams-como-novo-embaixador-da-marca-e-colaborador-de-capsula-2-3-2-2\\\/#primaryimage\"},\"thumbnailUrl\":\"https:\\\/\\\/iconixlatam.com\\\/wp-content\\\/uploads\\\/2025\\\/09\\\/ZL.png\",\"keywords\":[\"FERIA ZONA LIVRE\",\"ICONIX LATAM\",\"ZONA LIVRE 2025\"],\"articleSection\":[\"Latam\"],\"inLanguage\":\"pt-BR\",\"potentialAction\":[{\"@type\":\"CommentAction\",\"name\":\"Comment\",\"target\":[\"https:\\\/\\\/iconixlatam.com\\\/pt-br\\\/2025\\\/09\\\/03\\\/ecko-unltd-apresenta-jalen-williams-como-novo-embaixador-da-marca-e-colaborador-de-capsula-2-3-2-2\\\/#respond\"]}]},{\"@type\":\"WebPage\",\"@id\":\"https:\\\/\\\/iconixlatam.com\\\/pt-br\\\/2025\\\/09\\\/03\\\/ecko-unltd-apresenta-jalen-williams-como-novo-embaixador-da-marca-e-colaborador-de-capsula-2-3-2-2\\\/\",\"url\":\"https:\\\/\\\/iconixlatam.com\\\/pt-br\\\/2025\\\/09\\\/03\\\/ecko-unltd-apresenta-jalen-williams-como-novo-embaixador-da-marca-e-colaborador-de-capsula-2-3-2-2\\\/\",\"name\":\"Presen\u00e7a estrat\u00e9gica da Iconix na maior vitrine comercial do Panam\u00e1 - Iconix Latin\",\"isPartOf\":{\"@id\":\"https:\\\/\\\/iconixlatam.com\\\/#website\"},\"primaryImageOfPage\":{\"@id\":\"https:\\\/\\\/iconixlatam.com\\\/pt-br\\\/2025\\\/09\\\/03\\\/ecko-unltd-apresenta-jalen-williams-como-novo-embaixador-da-marca-e-colaborador-de-capsula-2-3-2-2\\\/#primaryimage\"},\"image\":{\"@id\":\"https:\\\/\\\/iconixlatam.com\\\/pt-br\\\/2025\\\/09\\\/03\\\/ecko-unltd-apresenta-jalen-williams-como-novo-embaixador-da-marca-e-colaborador-de-capsula-2-3-2-2\\\/#primaryimage\"},\"thumbnailUrl\":\"https:\\\/\\\/iconixlatam.com\\\/wp-content\\\/uploads\\\/2025\\\/09\\\/ZL.png\",\"datePublished\":\"2025-09-03T14:41:41+00:00\",\"dateModified\":\"2025-09-04T19:27:12+00:00\",\"breadcrumb\":{\"@id\":\"https:\\\/\\\/iconixlatam.com\\\/pt-br\\\/2025\\\/09\\\/03\\\/ecko-unltd-apresenta-jalen-williams-como-novo-embaixador-da-marca-e-colaborador-de-capsula-2-3-2-2\\\/#breadcrumb\"},\"inLanguage\":\"pt-BR\",\"potentialAction\":[{\"@type\":\"ReadAction\",\"target\":[\"https:\\\/\\\/iconixlatam.com\\\/pt-br\\\/2025\\\/09\\\/03\\\/ecko-unltd-apresenta-jalen-williams-como-novo-embaixador-da-marca-e-colaborador-de-capsula-2-3-2-2\\\/\"]}]},{\"@type\":\"ImageObject\",\"inLanguage\":\"pt-BR\",\"@id\":\"https:\\\/\\\/iconixlatam.com\\\/pt-br\\\/2025\\\/09\\\/03\\\/ecko-unltd-apresenta-jalen-williams-como-novo-embaixador-da-marca-e-colaborador-de-capsula-2-3-2-2\\\/#primaryimage\",\"url\":\"https:\\\/\\\/iconixlatam.com\\\/wp-content\\\/uploads\\\/2025\\\/09\\\/ZL.png\",\"contentUrl\":\"https:\\\/\\\/iconixlatam.com\\\/wp-content\\\/uploads\\\/2025\\\/09\\\/ZL.png\",\"width\":1920,\"height\":1080},{\"@type\":\"BreadcrumbList\",\"@id\":\"https:\\\/\\\/iconixlatam.com\\\/pt-br\\\/2025\\\/09\\\/03\\\/ecko-unltd-apresenta-jalen-williams-como-novo-embaixador-da-marca-e-colaborador-de-capsula-2-3-2-2\\\/#breadcrumb\",\"itemListElement\":[{\"@type\":\"ListItem\",\"position\":1,\"name\":\"Portada\",\"item\":\"https:\\\/\\\/iconixlatam.com\\\/pt-br\\\/sample-page\\\/\"},{\"@type\":\"ListItem\",\"position\":2,\"name\":\"Presen\u00e7a estrat\u00e9gica da Iconix na maior vitrine comercial do Panam\u00e1\"}]},{\"@type\":\"WebSite\",\"@id\":\"https:\\\/\\\/iconixlatam.com\\\/#website\",\"url\":\"https:\\\/\\\/iconixlatam.com\\\/\",\"name\":\"Iconix Latin\",\"description\":\"Con un enfoque innovador y comercial, brindamos soluciones de gesti\u00f3n de marca para maximizar su valor global.\",\"publisher\":{\"@id\":\"https:\\\/\\\/iconixlatam.com\\\/#organization\"},\"potentialAction\":[{\"@type\":\"SearchAction\",\"target\":{\"@type\":\"EntryPoint\",\"urlTemplate\":\"https:\\\/\\\/iconixlatam.com\\\/?s={search_term_string}\"},\"query-input\":{\"@type\":\"PropertyValueSpecification\",\"valueRequired\":true,\"valueName\":\"search_term_string\"}}],\"inLanguage\":\"pt-BR\"},{\"@type\":\"Organization\",\"@id\":\"https:\\\/\\\/iconixlatam.com\\\/#organization\",\"name\":\"Iconix Latin\",\"url\":\"https:\\\/\\\/iconixlatam.com\\\/\",\"logo\":{\"@type\":\"ImageObject\",\"inLanguage\":\"pt-BR\",\"@id\":\"https:\\\/\\\/iconixlatam.com\\\/#\\\/schema\\\/logo\\\/image\\\/\",\"url\":\"https:\\\/\\\/iconixlatam.com\\\/wp-content\\\/uploads\\\/2025\\\/03\\\/logo.svg\",\"contentUrl\":\"https:\\\/\\\/iconixlatam.com\\\/wp-content\\\/uploads\\\/2025\\\/03\\\/logo.svg\",\"width\":155,\"height\":81,\"caption\":\"Iconix Latin\"},\"image\":{\"@id\":\"https:\\\/\\\/iconixlatam.com\\\/#\\\/schema\\\/logo\\\/image\\\/\"},\"sameAs\":[\"https:\\\/\\\/www.instagram.com\\\/iconixlatinamerica\\\/\",\"https:\\\/\\\/www.linkedin.com\\\/company\\\/iconix-international\\\/posts\\\/?feedView=all\"]},{\"@type\":\"Person\",\"@id\":\"https:\\\/\\\/iconixlatam.com\\\/#\\\/schema\\\/person\\\/72788aa7f2a8d1f155e209543b3d5b1f\",\"name\":\"latiniconix\",\"image\":{\"@type\":\"ImageObject\",\"inLanguage\":\"pt-BR\",\"@id\":\"https:\\\/\\\/secure.gravatar.com\\\/avatar\\\/07852c9106134c91b4ce80fcc8777519c728ba684d3ffdf52fd51ef65d8f1d20?s=96&d=mm&r=g\",\"url\":\"https:\\\/\\\/secure.gravatar.com\\\/avatar\\\/07852c9106134c91b4ce80fcc8777519c728ba684d3ffdf52fd51ef65d8f1d20?s=96&d=mm&r=g\",\"contentUrl\":\"https:\\\/\\\/secure.gravatar.com\\\/avatar\\\/07852c9106134c91b4ce80fcc8777519c728ba684d3ffdf52fd51ef65d8f1d20?s=96&d=mm&r=g\",\"caption\":\"latiniconix\"},\"sameAs\":[\"https:\\\/\\\/iconixlatam.com\"],\"url\":\"https:\\\/\\\/iconixlatam.com\\\/pt-br\\\/author\\\/latiniconix\\\/\"}]}<\/script>\n<!-- \/ Yoast SEO plugin. -->","yoast_head_json":{"title":"Presen\u00e7a estrat\u00e9gica da Iconix na maior vitrine comercial do Panam\u00e1 - Iconix Latin","robots":{"index":"index","follow":"follow","max-snippet":"max-snippet:-1","max-image-preview":"max-image-preview:large","max-video-preview":"max-video-preview:-1"},"canonical":"https:\/\/iconixlatam.com\/pt-br\/2025\/09\/03\/ecko-unltd-apresenta-jalen-williams-como-novo-embaixador-da-marca-e-colaborador-de-capsula-2-3-2-2\/","og_locale":"pt_BR","og_type":"article","og_title":"Presen\u00e7a estrat\u00e9gica da Iconix na maior vitrine comercial do Panam\u00e1 - Iconix Latin","og_description":"A Iconix estreou na Feira Zona Livre 2025 no Panam\u00e1, apresentando seu modelo de licenciamento global e consolidando sua presen\u00e7a nos mercados da Am\u00e9rica Latina e do Caribe.","og_url":"https:\/\/iconixlatam.com\/pt-br\/2025\/09\/03\/ecko-unltd-apresenta-jalen-williams-como-novo-embaixador-da-marca-e-colaborador-de-capsula-2-3-2-2\/","og_site_name":"Iconix Latin","article_published_time":"2025-09-03T14:41:41+00:00","article_modified_time":"2025-09-04T19:27:12+00:00","og_image":[{"width":1024,"height":576,"url":"https:\/\/iconixlatam.com\/wp-content\/uploads\/2025\/09\/ZL-1024x576.png","type":"image\/png"}],"author":"latiniconix","twitter_card":"summary_large_image","twitter_misc":{"Escrito por":"latiniconix","Est. tempo de leitura":"2 minutos"},"schema":{"@context":"https:\/\/schema.org","@graph":[{"@type":"Article","@id":"https:\/\/iconixlatam.com\/pt-br\/2025\/09\/03\/ecko-unltd-apresenta-jalen-williams-como-novo-embaixador-da-marca-e-colaborador-de-capsula-2-3-2-2\/#article","isPartOf":{"@id":"https:\/\/iconixlatam.com\/pt-br\/2025\/09\/03\/ecko-unltd-apresenta-jalen-williams-como-novo-embaixador-da-marca-e-colaborador-de-capsula-2-3-2-2\/"},"author":{"name":"latiniconix","@id":"https:\/\/iconixlatam.com\/#\/schema\/person\/72788aa7f2a8d1f155e209543b3d5b1f"},"headline":"Presen\u00e7a estrat\u00e9gica da Iconix na maior vitrine comercial do Panam\u00e1","datePublished":"2025-09-03T14:41:41+00:00","dateModified":"2025-09-04T19:27:12+00:00","mainEntityOfPage":{"@id":"https:\/\/iconixlatam.com\/pt-br\/2025\/09\/03\/ecko-unltd-apresenta-jalen-williams-como-novo-embaixador-da-marca-e-colaborador-de-capsula-2-3-2-2\/"},"wordCount":338,"commentCount":0,"publisher":{"@id":"https:\/\/iconixlatam.com\/#organization"},"image":{"@id":"https:\/\/iconixlatam.com\/pt-br\/2025\/09\/03\/ecko-unltd-apresenta-jalen-williams-como-novo-embaixador-da-marca-e-colaborador-de-capsula-2-3-2-2\/#primaryimage"},"thumbnailUrl":"https:\/\/iconixlatam.com\/wp-content\/uploads\/2025\/09\/ZL.png","keywords":["FERIA ZONA LIVRE","ICONIX LATAM","ZONA LIVRE 2025"],"articleSection":["Latam"],"inLanguage":"pt-BR","potentialAction":[{"@type":"CommentAction","name":"Comment","target":["https:\/\/iconixlatam.com\/pt-br\/2025\/09\/03\/ecko-unltd-apresenta-jalen-williams-como-novo-embaixador-da-marca-e-colaborador-de-capsula-2-3-2-2\/#respond"]}]},{"@type":"WebPage","@id":"https:\/\/iconixlatam.com\/pt-br\/2025\/09\/03\/ecko-unltd-apresenta-jalen-williams-como-novo-embaixador-da-marca-e-colaborador-de-capsula-2-3-2-2\/","url":"https:\/\/iconixlatam.com\/pt-br\/2025\/09\/03\/ecko-unltd-apresenta-jalen-williams-como-novo-embaixador-da-marca-e-colaborador-de-capsula-2-3-2-2\/","name":"Presen\u00e7a estrat\u00e9gica da Iconix na maior vitrine comercial do Panam\u00e1 - Iconix Latin","isPartOf":{"@id":"https:\/\/iconixlatam.com\/#website"},"primaryImageOfPage":{"@id":"https:\/\/iconixlatam.com\/pt-br\/2025\/09\/03\/ecko-unltd-apresenta-jalen-williams-como-novo-embaixador-da-marca-e-colaborador-de-capsula-2-3-2-2\/#primaryimage"},"image":{"@id":"https:\/\/iconixlatam.com\/pt-br\/2025\/09\/03\/ecko-unltd-apresenta-jalen-williams-como-novo-embaixador-da-marca-e-colaborador-de-capsula-2-3-2-2\/#primaryimage"},"thumbnailUrl":"https:\/\/iconixlatam.com\/wp-content\/uploads\/2025\/09\/ZL.png","datePublished":"2025-09-03T14:41:41+00:00","dateModified":"2025-09-04T19:27:12+00:00","breadcrumb":{"@id":"https:\/\/iconixlatam.com\/pt-br\/2025\/09\/03\/ecko-unltd-apresenta-jalen-williams-como-novo-embaixador-da-marca-e-colaborador-de-capsula-2-3-2-2\/#breadcrumb"},"inLanguage":"pt-BR","potentialAction":[{"@type":"ReadAction","target":["https:\/\/iconixlatam.com\/pt-br\/2025\/09\/03\/ecko-unltd-apresenta-jalen-williams-como-novo-embaixador-da-marca-e-colaborador-de-capsula-2-3-2-2\/"]}]},{"@type":"ImageObject","inLanguage":"pt-BR","@id":"https:\/\/iconixlatam.com\/pt-br\/2025\/09\/03\/ecko-unltd-apresenta-jalen-williams-como-novo-embaixador-da-marca-e-colaborador-de-capsula-2-3-2-2\/#primaryimage","url":"https:\/\/iconixlatam.com\/wp-content\/uploads\/2025\/09\/ZL.png","contentUrl":"https:\/\/iconixlatam.com\/wp-content\/uploads\/2025\/09\/ZL.png","width":1920,"height":1080},{"@type":"BreadcrumbList","@id":"https:\/\/iconixlatam.com\/pt-br\/2025\/09\/03\/ecko-unltd-apresenta-jalen-williams-como-novo-embaixador-da-marca-e-colaborador-de-capsula-2-3-2-2\/#breadcrumb","itemListElement":[{"@type":"ListItem","position":1,"name":"Portada","item":"https:\/\/iconixlatam.com\/pt-br\/sample-page\/"},{"@type":"ListItem","position":2,"name":"Presen\u00e7a estrat\u00e9gica da Iconix na maior vitrine comercial do Panam\u00e1"}]},{"@type":"WebSite","@id":"https:\/\/iconixlatam.com\/#website","url":"https:\/\/iconixlatam.com\/","name":"Iconix Latin","description":"Con un enfoque innovador y comercial, brindamos soluciones de gesti\u00f3n de marca para maximizar su valor global.","publisher":{"@id":"https:\/\/iconixlatam.com\/#organization"},"potentialAction":[{"@type":"SearchAction","target":{"@type":"EntryPoint","urlTemplate":"https:\/\/iconixlatam.com\/?s={search_term_string}"},"query-input":{"@type":"PropertyValueSpecification","valueRequired":true,"valueName":"search_term_string"}}],"inLanguage":"pt-BR"},{"@type":"Organization","@id":"https:\/\/iconixlatam.com\/#organization","name":"Iconix Latin","url":"https:\/\/iconixlatam.com\/","logo":{"@type":"ImageObject","inLanguage":"pt-BR","@id":"https:\/\/iconixlatam.com\/#\/schema\/logo\/image\/","url":"https:\/\/iconixlatam.com\/wp-content\/uploads\/2025\/03\/logo.svg","contentUrl":"https:\/\/iconixlatam.com\/wp-content\/uploads\/2025\/03\/logo.svg","width":155,"height":81,"caption":"Iconix Latin"},"image":{"@id":"https:\/\/iconixlatam.com\/#\/schema\/logo\/image\/"},"sameAs":["https:\/\/www.instagram.com\/iconixlatinamerica\/","https:\/\/www.linkedin.com\/company\/iconix-international\/posts\/?feedView=all"]},{"@type":"Person","@id":"https:\/\/iconixlatam.com\/#\/schema\/person\/72788aa7f2a8d1f155e209543b3d5b1f","name":"latiniconix","image":{"@type":"ImageObject","inLanguage":"pt-BR","@id":"https:\/\/secure.gravatar.com\/avatar\/07852c9106134c91b4ce80fcc8777519c728ba684d3ffdf52fd51ef65d8f1d20?s=96&d=mm&r=g","url":"https:\/\/secure.gravatar.com\/avatar\/07852c9106134c91b4ce80fcc8777519c728ba684d3ffdf52fd51ef65d8f1d20?s=96&d=mm&r=g","contentUrl":"https:\/\/secure.gravatar.com\/avatar\/07852c9106134c91b4ce80fcc8777519c728ba684d3ffdf52fd51ef65d8f1d20?s=96&d=mm&r=g","caption":"latiniconix"},"sameAs":["https:\/\/iconixlatam.com"],"url":"https:\/\/iconixlatam.com\/pt-br\/author\/latiniconix\/"}]}},"_links":{"self":[{"href":"https:\/\/iconixlatam.com\/pt-br\/wp-json\/wp\/v2\/posts\/2855","targetHints":{"allow":["GET"]}}],"collection":[{"href":"https:\/\/iconixlatam.com\/pt-br\/wp-json\/wp\/v2\/posts"}],"about":[{"href":"https:\/\/iconixlatam.com\/pt-br\/wp-json\/wp\/v2\/types\/post"}],"author":[{"embeddable":true,"href":"https:\/\/iconixlatam.com\/pt-br\/wp-json\/wp\/v2\/users\/1"}],"replies":[{"embeddable":true,"href":"https:\/\/iconixlatam.com\/pt-br\/wp-json\/wp\/v2\/comments?post=2855"}],"version-history":[{"count":3,"href":"https:\/\/iconixlatam.com\/pt-br\/wp-json\/wp\/v2\/posts\/2855\/revisions"}],"predecessor-version":[{"id":2873,"href":"https:\/\/iconixlatam.com\/pt-br\/wp-json\/wp\/v2\/posts\/2855\/revisions\/2873"}],"wp:featuredmedia":[{"embeddable":true,"href":"https:\/\/iconixlatam.com\/pt-br\/wp-json\/wp\/v2\/media\/2852"}],"wp:attachment":[{"href":"https:\/\/iconixlatam.com\/pt-br\/wp-json\/wp\/v2\/media?parent=2855"}],"wp:term":[{"taxonomy":"category","embeddable":true,"href":"https:\/\/iconixlatam.com\/pt-br\/wp-json\/wp\/v2\/categories?post=2855"},{"taxonomy":"post_tag","embeddable":true,"href":"https:\/\/iconixlatam.com\/pt-br\/wp-json\/wp\/v2\/tags?post=2855"}],"curies":[{"name":"wp","href":"https:\/\/api.w.org\/{rel}","templated":true}]}}