{"id":2853,"date":"2025-09-03T14:41:09","date_gmt":"2025-09-03T14:41:09","guid":{"rendered":"https:\/\/iconixlatam.com\/?p=2853"},"modified":"2025-09-04T19:18:42","modified_gmt":"2025-09-04T19:18:42","slug":"ecko-unltd-apresenta-jalen-williams-como-novo-embaixador-da-marca-e-colaborador-de-capsula-2-3-2","status":"publish","type":"post","link":"https:\/\/iconixlatam.com\/pt-br\/2025\/09\/03\/ecko-unltd-apresenta-jalen-williams-como-novo-embaixador-da-marca-e-colaborador-de-capsula-2-3-2\/","title":{"rendered":"Iconix Latin America na Licensing Con Brasil 2025"},"content":{"rendered":"\n<p>Nos dias<strong> 27 e 28 de agosto<\/strong>, <strong>Luciana Abatti, Gerente Financeiro da LATAM,<\/strong> e <strong>Natalia Sinato, Business Director do Brasil<\/strong>, lideraram a participa\u00e7\u00e3o da<strong> Iconix Latin America<\/strong> na <strong>Licensing Con 2025<\/strong>, a maior feira de licenciamento do <strong>Brasil.<\/strong> O evento, realizado em <strong>S\u00e3o Paulo<\/strong>, reuniu marcas globais, varejistas, est\u00fadios e profissionais do setor, como um <strong>ponto estrat\u00e9gico <\/strong>para criar parcerias, <strong>impulsionar neg\u00f3cios e explorar novas tend\u00eancias.<\/strong><\/p>\n\n\n\n<p>O estande da <strong>Iconix<\/strong> apresentou o portf\u00f3lio completo de marcas da companhia: <strong>Starter, Mossimo, Ecko Unltd, Rocawear, Ed Hardy, Pony, Hoodrich, Umbro, entre outras.<\/strong> A proposta atraiu tanto parceiros atuais quanto potenciais licenciados, gerando um alto fluxo de visitantes e consolidando a relev\u00e2ncia da <strong>Iconix<\/strong> no mercado brasileiro.<\/p>\n\n\n\n<p>Para <strong>Luciana Abatti<\/strong>, a experi\u00eancia foi \u201cinspiradora e motivadora para continuar acreditando que o Brasil \u00e9 um pa\u00eds de grandes oportunidades\u201d. Al\u00e9m disso, destacou a import\u00e2ncia dos encontros presenciais: \u201cFoi muito significativo conhecer pessoalmente licenciados com os quais eu s\u00f3 havia tido contato virtual. Isso tornar\u00e1 o relacionamento di\u00e1rio mais f\u00e1cil\u201d.<\/p>\n\n\n\n<p>Na mesma linha, <strong>Natalia Sinato <\/strong>valorizou o dinamismo da feira: \u201cFoi uma experi\u00eancia inspiradora, din\u00e2mica e cheia de oportunidades para as marcas da Iconix\u201d, afirmou. Ela tamb\u00e9m ressaltou a riqueza do encontro: \u201cA diversidade de marcas, personagens e profissionais reunidos em um s\u00f3 lugar criou um ambiente extremamente rico para trocas e parcerias\u201d.<\/p>\n\n\n\n<p>Com um estande cheio de visitantes em diferentes momentos, a <strong>Iconix Latin America<\/strong> reafirmou na <strong>Licensing Con 2025<\/strong> seu compromisso com a expans\u00e3o e consolida\u00e7\u00e3o de suas marcas na regi\u00e3o, <strong>fortalecendo v\u00ednculos estrat\u00e9gicos<\/strong> e confirmando seu papel como um ator relevante na ind\u00fastria do licenciamento.<\/p>\n\n\n\n<p>Reviva como foi a presen\u00e7a da <strong>Iconix<\/strong> na <strong>Licensing Con 2025:<\/strong> <a href=\"https:\/\/www.instagram.com\/p\/DOJxnKVEm9b\/\">https:\/\/www.instagram.com\/p\/DOJxnKVEm9b\/<\/a><\/p>\n\n\n\n<!-- Embed de Instagram: reel centrado, responsive y con estilo suave -->\n<div class=\"ig-embed-wrap\">\n  <blockquote\n    class=\"instagram-media\"\n    data-instgrm-permalink=\"https:\/\/www.instagram.com\/p\/DNyVHjU5sRE\/\"\n    data-instgrm-version=\"14\"\n    data-instgrm-captioned\n    style=\"background:#fff;border:0;border-radius:16px;box-shadow:0 10px 30px rgba(0,0,0,.08);margin:0 auto;max-width:540px;width:100%;\"\n  ><\/blockquote>\n<\/div>\n\n<script async src=\"https:\/\/www.instagram.com\/embed.js\"><\/script>\n\n<style>\n  .ig-embed-wrap{\n    display:flex;\n    justify-content:center;\n    padding:8px;\n  }\n  \/* Opcional: limita ancho en m\u00f3viles grandes *\/\n  @media (min-width: 768px){\n    .ig-embed-wrap { padding: 16px; }\n  }\n<\/style>\n\n\n\n<pre id=\"tw-target-text\" class=\"wp-block-preformatted\"><\/pre>\n\n\n\n<p><\/p>\n","protected":false},"excerpt":{"rendered":"<p>Com uma presen\u00e7a de destaque na Licensing Con 2025 em S\u00e3o Paulo, a Iconix apresentou suas marcas ic\u00f4nicas e gerou novas oportunidades de neg\u00f3cio, reafirmando seu compromisso com a expans\u00e3o na regi\u00e3o.<\/p>\n","protected":false},"author":1,"featured_media":2841,"comment_status":"open","ping_status":"open","sticky":false,"template":"","format":"standard","meta":{"inline_featured_image":false,"footnotes":""},"categories":[27],"tags":[33,56],"class_list":["post-2853","post","type-post","status-publish","format-standard","has-post-thumbnail","hentry","category-latam-pt-br","tag-iconix-latam","tag-licensing-con-brasil-2025"],"yoast_head":"<!-- This site is optimized with the Yoast SEO plugin v27.3 - https:\/\/yoast.com\/product\/yoast-seo-wordpress\/ -->\n<title>Iconix Latin America na Licensing Con Brasil 2025 - Iconix Latin<\/title>\n<meta name=\"robots\" content=\"index, follow, max-snippet:-1, max-image-preview:large, max-video-preview:-1\" \/>\n<link rel=\"canonical\" href=\"https:\/\/iconixlatam.com\/pt-br\/2025\/09\/03\/ecko-unltd-apresenta-jalen-williams-como-novo-embaixador-da-marca-e-colaborador-de-capsula-2-3-2\/\" \/>\n<meta property=\"og:locale\" content=\"pt_BR\" \/>\n<meta property=\"og:type\" content=\"article\" \/>\n<meta property=\"og:title\" content=\"Iconix Latin America na Licensing Con Brasil 2025 - Iconix Latin\" \/>\n<meta property=\"og:description\" content=\"Com uma presen\u00e7a de destaque na Licensing Con 2025 em S\u00e3o Paulo, a Iconix apresentou suas marcas ic\u00f4nicas e gerou novas oportunidades de neg\u00f3cio, reafirmando seu compromisso com a expans\u00e3o na regi\u00e3o.\" \/>\n<meta property=\"og:url\" content=\"https:\/\/iconixlatam.com\/pt-br\/2025\/09\/03\/ecko-unltd-apresenta-jalen-williams-como-novo-embaixador-da-marca-e-colaborador-de-capsula-2-3-2\/\" \/>\n<meta property=\"og:site_name\" content=\"Iconix Latin\" \/>\n<meta property=\"article:published_time\" content=\"2025-09-03T14:41:09+00:00\" \/>\n<meta property=\"article:modified_time\" content=\"2025-09-04T19:18:42+00:00\" \/>\n<meta property=\"og:image\" content=\"https:\/\/iconixlatam.com\/wp-content\/uploads\/2025\/09\/ICONIX-BR-1024x576.png\" \/>\n\t<meta property=\"og:image:width\" content=\"1024\" \/>\n\t<meta property=\"og:image:height\" content=\"576\" \/>\n\t<meta property=\"og:image:type\" content=\"image\/png\" \/>\n<meta name=\"author\" content=\"latiniconix\" \/>\n<meta name=\"twitter:card\" content=\"summary_large_image\" \/>\n<meta name=\"twitter:label1\" content=\"Escrito por\" \/>\n\t<meta name=\"twitter:data1\" content=\"latiniconix\" \/>\n\t<meta name=\"twitter:label2\" content=\"Est. tempo de leitura\" \/>\n\t<meta name=\"twitter:data2\" content=\"1 minuto\" \/>\n<script type=\"application\/ld+json\" class=\"yoast-schema-graph\">{\"@context\":\"https:\\\/\\\/schema.org\",\"@graph\":[{\"@type\":\"Article\",\"@id\":\"https:\\\/\\\/iconixlatam.com\\\/pt-br\\\/2025\\\/09\\\/03\\\/ecko-unltd-apresenta-jalen-williams-como-novo-embaixador-da-marca-e-colaborador-de-capsula-2-3-2\\\/#article\",\"isPartOf\":{\"@id\":\"https:\\\/\\\/iconixlatam.com\\\/pt-br\\\/2025\\\/09\\\/03\\\/ecko-unltd-apresenta-jalen-williams-como-novo-embaixador-da-marca-e-colaborador-de-capsula-2-3-2\\\/\"},\"author\":{\"name\":\"latiniconix\",\"@id\":\"https:\\\/\\\/iconixlatam.com\\\/#\\\/schema\\\/person\\\/72788aa7f2a8d1f155e209543b3d5b1f\"},\"headline\":\"Iconix Latin America na Licensing Con Brasil 2025\",\"datePublished\":\"2025-09-03T14:41:09+00:00\",\"dateModified\":\"2025-09-04T19:18:42+00:00\",\"mainEntityOfPage\":{\"@id\":\"https:\\\/\\\/iconixlatam.com\\\/pt-br\\\/2025\\\/09\\\/03\\\/ecko-unltd-apresenta-jalen-williams-como-novo-embaixador-da-marca-e-colaborador-de-capsula-2-3-2\\\/\"},\"wordCount\":306,\"commentCount\":0,\"publisher\":{\"@id\":\"https:\\\/\\\/iconixlatam.com\\\/#organization\"},\"image\":{\"@id\":\"https:\\\/\\\/iconixlatam.com\\\/pt-br\\\/2025\\\/09\\\/03\\\/ecko-unltd-apresenta-jalen-williams-como-novo-embaixador-da-marca-e-colaborador-de-capsula-2-3-2\\\/#primaryimage\"},\"thumbnailUrl\":\"https:\\\/\\\/iconixlatam.com\\\/wp-content\\\/uploads\\\/2025\\\/09\\\/ICONIX-BR.png\",\"keywords\":[\"ICONIX LATAM\",\"LICENSING CON BRASIL 2025\"],\"articleSection\":[\"Latam\"],\"inLanguage\":\"pt-BR\",\"potentialAction\":[{\"@type\":\"CommentAction\",\"name\":\"Comment\",\"target\":[\"https:\\\/\\\/iconixlatam.com\\\/pt-br\\\/2025\\\/09\\\/03\\\/ecko-unltd-apresenta-jalen-williams-como-novo-embaixador-da-marca-e-colaborador-de-capsula-2-3-2\\\/#respond\"]}]},{\"@type\":\"WebPage\",\"@id\":\"https:\\\/\\\/iconixlatam.com\\\/pt-br\\\/2025\\\/09\\\/03\\\/ecko-unltd-apresenta-jalen-williams-como-novo-embaixador-da-marca-e-colaborador-de-capsula-2-3-2\\\/\",\"url\":\"https:\\\/\\\/iconixlatam.com\\\/pt-br\\\/2025\\\/09\\\/03\\\/ecko-unltd-apresenta-jalen-williams-como-novo-embaixador-da-marca-e-colaborador-de-capsula-2-3-2\\\/\",\"name\":\"Iconix Latin America na Licensing Con Brasil 2025 - Iconix Latin\",\"isPartOf\":{\"@id\":\"https:\\\/\\\/iconixlatam.com\\\/#website\"},\"primaryImageOfPage\":{\"@id\":\"https:\\\/\\\/iconixlatam.com\\\/pt-br\\\/2025\\\/09\\\/03\\\/ecko-unltd-apresenta-jalen-williams-como-novo-embaixador-da-marca-e-colaborador-de-capsula-2-3-2\\\/#primaryimage\"},\"image\":{\"@id\":\"https:\\\/\\\/iconixlatam.com\\\/pt-br\\\/2025\\\/09\\\/03\\\/ecko-unltd-apresenta-jalen-williams-como-novo-embaixador-da-marca-e-colaborador-de-capsula-2-3-2\\\/#primaryimage\"},\"thumbnailUrl\":\"https:\\\/\\\/iconixlatam.com\\\/wp-content\\\/uploads\\\/2025\\\/09\\\/ICONIX-BR.png\",\"datePublished\":\"2025-09-03T14:41:09+00:00\",\"dateModified\":\"2025-09-04T19:18:42+00:00\",\"breadcrumb\":{\"@id\":\"https:\\\/\\\/iconixlatam.com\\\/pt-br\\\/2025\\\/09\\\/03\\\/ecko-unltd-apresenta-jalen-williams-como-novo-embaixador-da-marca-e-colaborador-de-capsula-2-3-2\\\/#breadcrumb\"},\"inLanguage\":\"pt-BR\",\"potentialAction\":[{\"@type\":\"ReadAction\",\"target\":[\"https:\\\/\\\/iconixlatam.com\\\/pt-br\\\/2025\\\/09\\\/03\\\/ecko-unltd-apresenta-jalen-williams-como-novo-embaixador-da-marca-e-colaborador-de-capsula-2-3-2\\\/\"]}]},{\"@type\":\"ImageObject\",\"inLanguage\":\"pt-BR\",\"@id\":\"https:\\\/\\\/iconixlatam.com\\\/pt-br\\\/2025\\\/09\\\/03\\\/ecko-unltd-apresenta-jalen-williams-como-novo-embaixador-da-marca-e-colaborador-de-capsula-2-3-2\\\/#primaryimage\",\"url\":\"https:\\\/\\\/iconixlatam.com\\\/wp-content\\\/uploads\\\/2025\\\/09\\\/ICONIX-BR.png\",\"contentUrl\":\"https:\\\/\\\/iconixlatam.com\\\/wp-content\\\/uploads\\\/2025\\\/09\\\/ICONIX-BR.png\",\"width\":1920,\"height\":1080},{\"@type\":\"BreadcrumbList\",\"@id\":\"https:\\\/\\\/iconixlatam.com\\\/pt-br\\\/2025\\\/09\\\/03\\\/ecko-unltd-apresenta-jalen-williams-como-novo-embaixador-da-marca-e-colaborador-de-capsula-2-3-2\\\/#breadcrumb\",\"itemListElement\":[{\"@type\":\"ListItem\",\"position\":1,\"name\":\"Portada\",\"item\":\"https:\\\/\\\/iconixlatam.com\\\/pt-br\\\/sample-page\\\/\"},{\"@type\":\"ListItem\",\"position\":2,\"name\":\"Iconix Latin America na Licensing Con Brasil 2025\"}]},{\"@type\":\"WebSite\",\"@id\":\"https:\\\/\\\/iconixlatam.com\\\/#website\",\"url\":\"https:\\\/\\\/iconixlatam.com\\\/\",\"name\":\"Iconix Latin\",\"description\":\"Con un enfoque innovador y comercial, brindamos soluciones de gesti\u00f3n de marca para maximizar su valor global.\",\"publisher\":{\"@id\":\"https:\\\/\\\/iconixlatam.com\\\/#organization\"},\"potentialAction\":[{\"@type\":\"SearchAction\",\"target\":{\"@type\":\"EntryPoint\",\"urlTemplate\":\"https:\\\/\\\/iconixlatam.com\\\/?s={search_term_string}\"},\"query-input\":{\"@type\":\"PropertyValueSpecification\",\"valueRequired\":true,\"valueName\":\"search_term_string\"}}],\"inLanguage\":\"pt-BR\"},{\"@type\":\"Organization\",\"@id\":\"https:\\\/\\\/iconixlatam.com\\\/#organization\",\"name\":\"Iconix Latin\",\"url\":\"https:\\\/\\\/iconixlatam.com\\\/\",\"logo\":{\"@type\":\"ImageObject\",\"inLanguage\":\"pt-BR\",\"@id\":\"https:\\\/\\\/iconixlatam.com\\\/#\\\/schema\\\/logo\\\/image\\\/\",\"url\":\"https:\\\/\\\/iconixlatam.com\\\/wp-content\\\/uploads\\\/2025\\\/03\\\/logo.svg\",\"contentUrl\":\"https:\\\/\\\/iconixlatam.com\\\/wp-content\\\/uploads\\\/2025\\\/03\\\/logo.svg\",\"width\":155,\"height\":81,\"caption\":\"Iconix Latin\"},\"image\":{\"@id\":\"https:\\\/\\\/iconixlatam.com\\\/#\\\/schema\\\/logo\\\/image\\\/\"},\"sameAs\":[\"https:\\\/\\\/www.instagram.com\\\/iconixlatinamerica\\\/\",\"https:\\\/\\\/www.linkedin.com\\\/company\\\/iconix-international\\\/posts\\\/?feedView=all\"]},{\"@type\":\"Person\",\"@id\":\"https:\\\/\\\/iconixlatam.com\\\/#\\\/schema\\\/person\\\/72788aa7f2a8d1f155e209543b3d5b1f\",\"name\":\"latiniconix\",\"image\":{\"@type\":\"ImageObject\",\"inLanguage\":\"pt-BR\",\"@id\":\"https:\\\/\\\/secure.gravatar.com\\\/avatar\\\/07852c9106134c91b4ce80fcc8777519c728ba684d3ffdf52fd51ef65d8f1d20?s=96&d=mm&r=g\",\"url\":\"https:\\\/\\\/secure.gravatar.com\\\/avatar\\\/07852c9106134c91b4ce80fcc8777519c728ba684d3ffdf52fd51ef65d8f1d20?s=96&d=mm&r=g\",\"contentUrl\":\"https:\\\/\\\/secure.gravatar.com\\\/avatar\\\/07852c9106134c91b4ce80fcc8777519c728ba684d3ffdf52fd51ef65d8f1d20?s=96&d=mm&r=g\",\"caption\":\"latiniconix\"},\"sameAs\":[\"https:\\\/\\\/iconixlatam.com\"],\"url\":\"https:\\\/\\\/iconixlatam.com\\\/pt-br\\\/author\\\/latiniconix\\\/\"}]}<\/script>\n<!-- \/ Yoast SEO plugin. -->","yoast_head_json":{"title":"Iconix Latin America na Licensing Con Brasil 2025 - Iconix Latin","robots":{"index":"index","follow":"follow","max-snippet":"max-snippet:-1","max-image-preview":"max-image-preview:large","max-video-preview":"max-video-preview:-1"},"canonical":"https:\/\/iconixlatam.com\/pt-br\/2025\/09\/03\/ecko-unltd-apresenta-jalen-williams-como-novo-embaixador-da-marca-e-colaborador-de-capsula-2-3-2\/","og_locale":"pt_BR","og_type":"article","og_title":"Iconix Latin America na Licensing Con Brasil 2025 - Iconix Latin","og_description":"Com uma presen\u00e7a de destaque na Licensing Con 2025 em S\u00e3o Paulo, a Iconix apresentou suas marcas ic\u00f4nicas e gerou novas oportunidades de neg\u00f3cio, reafirmando seu compromisso com a expans\u00e3o na regi\u00e3o.","og_url":"https:\/\/iconixlatam.com\/pt-br\/2025\/09\/03\/ecko-unltd-apresenta-jalen-williams-como-novo-embaixador-da-marca-e-colaborador-de-capsula-2-3-2\/","og_site_name":"Iconix Latin","article_published_time":"2025-09-03T14:41:09+00:00","article_modified_time":"2025-09-04T19:18:42+00:00","og_image":[{"width":1024,"height":576,"url":"https:\/\/iconixlatam.com\/wp-content\/uploads\/2025\/09\/ICONIX-BR-1024x576.png","type":"image\/png"}],"author":"latiniconix","twitter_card":"summary_large_image","twitter_misc":{"Escrito por":"latiniconix","Est. tempo de leitura":"1 minuto"},"schema":{"@context":"https:\/\/schema.org","@graph":[{"@type":"Article","@id":"https:\/\/iconixlatam.com\/pt-br\/2025\/09\/03\/ecko-unltd-apresenta-jalen-williams-como-novo-embaixador-da-marca-e-colaborador-de-capsula-2-3-2\/#article","isPartOf":{"@id":"https:\/\/iconixlatam.com\/pt-br\/2025\/09\/03\/ecko-unltd-apresenta-jalen-williams-como-novo-embaixador-da-marca-e-colaborador-de-capsula-2-3-2\/"},"author":{"name":"latiniconix","@id":"https:\/\/iconixlatam.com\/#\/schema\/person\/72788aa7f2a8d1f155e209543b3d5b1f"},"headline":"Iconix Latin America na Licensing Con Brasil 2025","datePublished":"2025-09-03T14:41:09+00:00","dateModified":"2025-09-04T19:18:42+00:00","mainEntityOfPage":{"@id":"https:\/\/iconixlatam.com\/pt-br\/2025\/09\/03\/ecko-unltd-apresenta-jalen-williams-como-novo-embaixador-da-marca-e-colaborador-de-capsula-2-3-2\/"},"wordCount":306,"commentCount":0,"publisher":{"@id":"https:\/\/iconixlatam.com\/#organization"},"image":{"@id":"https:\/\/iconixlatam.com\/pt-br\/2025\/09\/03\/ecko-unltd-apresenta-jalen-williams-como-novo-embaixador-da-marca-e-colaborador-de-capsula-2-3-2\/#primaryimage"},"thumbnailUrl":"https:\/\/iconixlatam.com\/wp-content\/uploads\/2025\/09\/ICONIX-BR.png","keywords":["ICONIX LATAM","LICENSING CON BRASIL 2025"],"articleSection":["Latam"],"inLanguage":"pt-BR","potentialAction":[{"@type":"CommentAction","name":"Comment","target":["https:\/\/iconixlatam.com\/pt-br\/2025\/09\/03\/ecko-unltd-apresenta-jalen-williams-como-novo-embaixador-da-marca-e-colaborador-de-capsula-2-3-2\/#respond"]}]},{"@type":"WebPage","@id":"https:\/\/iconixlatam.com\/pt-br\/2025\/09\/03\/ecko-unltd-apresenta-jalen-williams-como-novo-embaixador-da-marca-e-colaborador-de-capsula-2-3-2\/","url":"https:\/\/iconixlatam.com\/pt-br\/2025\/09\/03\/ecko-unltd-apresenta-jalen-williams-como-novo-embaixador-da-marca-e-colaborador-de-capsula-2-3-2\/","name":"Iconix Latin America na Licensing Con Brasil 2025 - Iconix Latin","isPartOf":{"@id":"https:\/\/iconixlatam.com\/#website"},"primaryImageOfPage":{"@id":"https:\/\/iconixlatam.com\/pt-br\/2025\/09\/03\/ecko-unltd-apresenta-jalen-williams-como-novo-embaixador-da-marca-e-colaborador-de-capsula-2-3-2\/#primaryimage"},"image":{"@id":"https:\/\/iconixlatam.com\/pt-br\/2025\/09\/03\/ecko-unltd-apresenta-jalen-williams-como-novo-embaixador-da-marca-e-colaborador-de-capsula-2-3-2\/#primaryimage"},"thumbnailUrl":"https:\/\/iconixlatam.com\/wp-content\/uploads\/2025\/09\/ICONIX-BR.png","datePublished":"2025-09-03T14:41:09+00:00","dateModified":"2025-09-04T19:18:42+00:00","breadcrumb":{"@id":"https:\/\/iconixlatam.com\/pt-br\/2025\/09\/03\/ecko-unltd-apresenta-jalen-williams-como-novo-embaixador-da-marca-e-colaborador-de-capsula-2-3-2\/#breadcrumb"},"inLanguage":"pt-BR","potentialAction":[{"@type":"ReadAction","target":["https:\/\/iconixlatam.com\/pt-br\/2025\/09\/03\/ecko-unltd-apresenta-jalen-williams-como-novo-embaixador-da-marca-e-colaborador-de-capsula-2-3-2\/"]}]},{"@type":"ImageObject","inLanguage":"pt-BR","@id":"https:\/\/iconixlatam.com\/pt-br\/2025\/09\/03\/ecko-unltd-apresenta-jalen-williams-como-novo-embaixador-da-marca-e-colaborador-de-capsula-2-3-2\/#primaryimage","url":"https:\/\/iconixlatam.com\/wp-content\/uploads\/2025\/09\/ICONIX-BR.png","contentUrl":"https:\/\/iconixlatam.com\/wp-content\/uploads\/2025\/09\/ICONIX-BR.png","width":1920,"height":1080},{"@type":"BreadcrumbList","@id":"https:\/\/iconixlatam.com\/pt-br\/2025\/09\/03\/ecko-unltd-apresenta-jalen-williams-como-novo-embaixador-da-marca-e-colaborador-de-capsula-2-3-2\/#breadcrumb","itemListElement":[{"@type":"ListItem","position":1,"name":"Portada","item":"https:\/\/iconixlatam.com\/pt-br\/sample-page\/"},{"@type":"ListItem","position":2,"name":"Iconix Latin America na Licensing Con Brasil 2025"}]},{"@type":"WebSite","@id":"https:\/\/iconixlatam.com\/#website","url":"https:\/\/iconixlatam.com\/","name":"Iconix Latin","description":"Con un enfoque innovador y comercial, brindamos soluciones de gesti\u00f3n de marca para maximizar su valor global.","publisher":{"@id":"https:\/\/iconixlatam.com\/#organization"},"potentialAction":[{"@type":"SearchAction","target":{"@type":"EntryPoint","urlTemplate":"https:\/\/iconixlatam.com\/?s={search_term_string}"},"query-input":{"@type":"PropertyValueSpecification","valueRequired":true,"valueName":"search_term_string"}}],"inLanguage":"pt-BR"},{"@type":"Organization","@id":"https:\/\/iconixlatam.com\/#organization","name":"Iconix Latin","url":"https:\/\/iconixlatam.com\/","logo":{"@type":"ImageObject","inLanguage":"pt-BR","@id":"https:\/\/iconixlatam.com\/#\/schema\/logo\/image\/","url":"https:\/\/iconixlatam.com\/wp-content\/uploads\/2025\/03\/logo.svg","contentUrl":"https:\/\/iconixlatam.com\/wp-content\/uploads\/2025\/03\/logo.svg","width":155,"height":81,"caption":"Iconix Latin"},"image":{"@id":"https:\/\/iconixlatam.com\/#\/schema\/logo\/image\/"},"sameAs":["https:\/\/www.instagram.com\/iconixlatinamerica\/","https:\/\/www.linkedin.com\/company\/iconix-international\/posts\/?feedView=all"]},{"@type":"Person","@id":"https:\/\/iconixlatam.com\/#\/schema\/person\/72788aa7f2a8d1f155e209543b3d5b1f","name":"latiniconix","image":{"@type":"ImageObject","inLanguage":"pt-BR","@id":"https:\/\/secure.gravatar.com\/avatar\/07852c9106134c91b4ce80fcc8777519c728ba684d3ffdf52fd51ef65d8f1d20?s=96&d=mm&r=g","url":"https:\/\/secure.gravatar.com\/avatar\/07852c9106134c91b4ce80fcc8777519c728ba684d3ffdf52fd51ef65d8f1d20?s=96&d=mm&r=g","contentUrl":"https:\/\/secure.gravatar.com\/avatar\/07852c9106134c91b4ce80fcc8777519c728ba684d3ffdf52fd51ef65d8f1d20?s=96&d=mm&r=g","caption":"latiniconix"},"sameAs":["https:\/\/iconixlatam.com"],"url":"https:\/\/iconixlatam.com\/pt-br\/author\/latiniconix\/"}]}},"_links":{"self":[{"href":"https:\/\/iconixlatam.com\/pt-br\/wp-json\/wp\/v2\/posts\/2853","targetHints":{"allow":["GET"]}}],"collection":[{"href":"https:\/\/iconixlatam.com\/pt-br\/wp-json\/wp\/v2\/posts"}],"about":[{"href":"https:\/\/iconixlatam.com\/pt-br\/wp-json\/wp\/v2\/types\/post"}],"author":[{"embeddable":true,"href":"https:\/\/iconixlatam.com\/pt-br\/wp-json\/wp\/v2\/users\/1"}],"replies":[{"embeddable":true,"href":"https:\/\/iconixlatam.com\/pt-br\/wp-json\/wp\/v2\/comments?post=2853"}],"version-history":[{"count":3,"href":"https:\/\/iconixlatam.com\/pt-br\/wp-json\/wp\/v2\/posts\/2853\/revisions"}],"predecessor-version":[{"id":2868,"href":"https:\/\/iconixlatam.com\/pt-br\/wp-json\/wp\/v2\/posts\/2853\/revisions\/2868"}],"wp:featuredmedia":[{"embeddable":true,"href":"https:\/\/iconixlatam.com\/pt-br\/wp-json\/wp\/v2\/media\/2841"}],"wp:attachment":[{"href":"https:\/\/iconixlatam.com\/pt-br\/wp-json\/wp\/v2\/media?parent=2853"}],"wp:term":[{"taxonomy":"category","embeddable":true,"href":"https:\/\/iconixlatam.com\/pt-br\/wp-json\/wp\/v2\/categories?post=2853"},{"taxonomy":"post_tag","embeddable":true,"href":"https:\/\/iconixlatam.com\/pt-br\/wp-json\/wp\/v2\/tags?post=2853"}],"curies":[{"name":"wp","href":"https:\/\/api.w.org\/{rel}","templated":true}]}}