{"id":2829,"date":"2025-08-21T15:19:41","date_gmt":"2025-08-21T15:19:41","guid":{"rendered":"https:\/\/iconixlatam.com\/?p=2829"},"modified":"2025-08-21T15:20:33","modified_gmt":"2025-08-21T15:20:33","slug":"ecko-unltd-apresenta-jalen-williams-como-novo-embaixador-da-marca-e-colaborador-de-capsula-2-3","status":"publish","type":"post","link":"https:\/\/iconixlatam.com\/pt-br\/2025\/08\/21\/ecko-unltd-apresenta-jalen-williams-como-novo-embaixador-da-marca-e-colaborador-de-capsula-2-3\/","title":{"rendered":"A Iconix Latin Am\u00e9rica se apresentou na feira Intermoda 2025"},"content":{"rendered":"\n<p>De 15 a 18 de julho, a <strong>Iconix<\/strong> participou da<strong> 83\u00aa edi\u00e7\u00e3o da Intermoda<\/strong>, a maior feira de moda e neg\u00f3cios da Am\u00e9rica Latina, realizada no <strong>M\u00e9xico<\/strong>. O evento reuniu os principais atores da ind\u00fastria para impulsionar conex\u00f5es, gerar parcerias estrat\u00e9gicas e apresentar as \u00faltimas tend\u00eancias do setor.<\/p>\n\n\n\n<p>Durante quatro dias, a equipe apresentou o portf\u00f3lio de marcas em um estande, onde foram exibidos produtos da <strong>Hoodrich, Pony e Ed Hardy<\/strong>. A participa\u00e7\u00e3o ocorreu em um espa\u00e7o que permitiu mostrar a ess\u00eancia e a proposta de valor de cada marca, aproximando-as de um p\u00fablico especializado e criando um ponto de encontro para poss\u00edveis parcerias.<\/p>\n\n\n\n<p>Nesta edi\u00e7\u00e3o, a <strong>Intermoda<\/strong> consolidou-se novamente como o ponto de encontro mais relevante da moda e dos neg\u00f3cios na regi\u00e3o. Uma oportunidade que nos motiva a fortalecer os projetos em andamento e desenvolver novas iniciativas estrat\u00e9gicas. Nosso compromisso permanece firme em continuar crescendo, inovando e gerando oportunidades que reforcem nossa presen\u00e7a no setor.<\/p>\n\n\n\n<p>Reviva o que foi o nosso estande na <strong>Intermoda 2025<\/strong>:<\/p>\n\n\n\n<!-- Incrustar Reel de Instagram en WordPress -->\n<div style=\"max-width: 540px; margin: auto; border-radius: 12px; overflow: hidden; box-shadow: 0 6px 20px rgba(0,0,0,0.15);\">\n  <blockquote class=\"instagram-media\"\n    data-instgrm-permalink=\"https:\/\/www.instagram.com\/p\/DMgKgshSavE\/?utm_source=ig_embed&#038;utm_campaign=loading\"\n    data-instgrm-version=\"14\"\n    style=\"background:#fff; border:0; margin:0; padding:0; width:100%;\">\n  <\/blockquote>\n<\/div>\n\n<!-- Script de Instagram (agregarlo solo una vez por p\u00e1gina) -->\n<script async src=\"https:\/\/www.instagram.com\/embed.js\"><\/script>\n\n<!-- Fallback por si falla el embed -->\n<noscript>\n  <p><a href=\"https:\/\/www.instagram.com\/p\/DMgKgshSavE\/\" target=\"_blank\" rel=\"noopener\">Ver Reel en Instagram<\/a><\/p>\n<\/noscript>\n\n\n\n\n<pre id=\"tw-target-text\" class=\"wp-block-preformatted\">\n<\/pre>\n\n\n\n<p><\/p>\n","protected":false},"excerpt":{"rendered":"<p>O evento reuniu os principais atores da ind\u00fastria para impulsionar conex\u00f5es e gerar parcerias estrat\u00e9gicas, onde, como empresa, exibimos produtos da Hoodrich, Pony e Ed Hardy.<\/p>\n","protected":false},"author":1,"featured_media":2823,"comment_status":"open","ping_status":"open","sticky":false,"template":"","format":"standard","meta":{"inline_featured_image":false,"footnotes":""},"categories":[27],"tags":[33,45],"class_list":["post-2829","post","type-post","status-publish","format-standard","has-post-thumbnail","hentry","category-latam-pt-br","tag-iconix-latam","tag-intermoda-2025-2"],"yoast_head":"<!-- This site is optimized with the Yoast SEO plugin v27.3 - https:\/\/yoast.com\/product\/yoast-seo-wordpress\/ -->\n<title>A Iconix Latin Am\u00e9rica se apresentou na feira Intermoda 2025 - Iconix Latin<\/title>\n<meta name=\"robots\" content=\"index, follow, max-snippet:-1, max-image-preview:large, max-video-preview:-1\" \/>\n<link rel=\"canonical\" href=\"https:\/\/iconixlatam.com\/pt-br\/2025\/08\/21\/ecko-unltd-apresenta-jalen-williams-como-novo-embaixador-da-marca-e-colaborador-de-capsula-2-3\/\" \/>\n<meta property=\"og:locale\" content=\"pt_BR\" \/>\n<meta property=\"og:type\" content=\"article\" \/>\n<meta property=\"og:title\" content=\"A Iconix Latin Am\u00e9rica se apresentou na feira Intermoda 2025 - Iconix Latin\" \/>\n<meta property=\"og:description\" content=\"O evento reuniu os principais atores da ind\u00fastria para impulsionar conex\u00f5es e gerar parcerias estrat\u00e9gicas, onde, como empresa, exibimos produtos da Hoodrich, Pony e Ed Hardy.\" \/>\n<meta property=\"og:url\" content=\"https:\/\/iconixlatam.com\/pt-br\/2025\/08\/21\/ecko-unltd-apresenta-jalen-williams-como-novo-embaixador-da-marca-e-colaborador-de-capsula-2-3\/\" \/>\n<meta property=\"og:site_name\" content=\"Iconix Latin\" \/>\n<meta property=\"article:published_time\" content=\"2025-08-21T15:19:41+00:00\" \/>\n<meta property=\"article:modified_time\" content=\"2025-08-21T15:20:33+00:00\" \/>\n<meta property=\"og:image\" content=\"https:\/\/iconixlatam.com\/wp-content\/uploads\/2025\/08\/WhatsApp-Image-2025-08-19-at-16.09.10.jpeg\" \/>\n\t<meta property=\"og:image:width\" content=\"1600\" \/>\n\t<meta property=\"og:image:height\" content=\"1200\" \/>\n\t<meta property=\"og:image:type\" content=\"image\/jpeg\" \/>\n<meta name=\"author\" content=\"latiniconix\" \/>\n<meta name=\"twitter:card\" content=\"summary_large_image\" \/>\n<meta name=\"twitter:label1\" content=\"Escrito por\" \/>\n\t<meta name=\"twitter:data1\" content=\"latiniconix\" \/>\n\t<meta name=\"twitter:label2\" content=\"Est. tempo de leitura\" \/>\n\t<meta name=\"twitter:data2\" content=\"1 minuto\" \/>\n<script type=\"application\/ld+json\" class=\"yoast-schema-graph\">{\"@context\":\"https:\\\/\\\/schema.org\",\"@graph\":[{\"@type\":\"Article\",\"@id\":\"https:\\\/\\\/iconixlatam.com\\\/pt-br\\\/2025\\\/08\\\/21\\\/ecko-unltd-apresenta-jalen-williams-como-novo-embaixador-da-marca-e-colaborador-de-capsula-2-3\\\/#article\",\"isPartOf\":{\"@id\":\"https:\\\/\\\/iconixlatam.com\\\/pt-br\\\/2025\\\/08\\\/21\\\/ecko-unltd-apresenta-jalen-williams-como-novo-embaixador-da-marca-e-colaborador-de-capsula-2-3\\\/\"},\"author\":{\"name\":\"latiniconix\",\"@id\":\"https:\\\/\\\/iconixlatam.com\\\/#\\\/schema\\\/person\\\/72788aa7f2a8d1f155e209543b3d5b1f\"},\"headline\":\"A Iconix Latin Am\u00e9rica se apresentou na feira Intermoda 2025\",\"datePublished\":\"2025-08-21T15:19:41+00:00\",\"dateModified\":\"2025-08-21T15:20:33+00:00\",\"mainEntityOfPage\":{\"@id\":\"https:\\\/\\\/iconixlatam.com\\\/pt-br\\\/2025\\\/08\\\/21\\\/ecko-unltd-apresenta-jalen-williams-como-novo-embaixador-da-marca-e-colaborador-de-capsula-2-3\\\/\"},\"wordCount\":196,\"commentCount\":0,\"publisher\":{\"@id\":\"https:\\\/\\\/iconixlatam.com\\\/#organization\"},\"image\":{\"@id\":\"https:\\\/\\\/iconixlatam.com\\\/pt-br\\\/2025\\\/08\\\/21\\\/ecko-unltd-apresenta-jalen-williams-como-novo-embaixador-da-marca-e-colaborador-de-capsula-2-3\\\/#primaryimage\"},\"thumbnailUrl\":\"https:\\\/\\\/iconixlatam.com\\\/wp-content\\\/uploads\\\/2025\\\/08\\\/WhatsApp-Image-2025-08-19-at-16.09.10.jpeg\",\"keywords\":[\"ICONIX LATAM\",\"INTERMODA 2025\"],\"articleSection\":[\"Latam\"],\"inLanguage\":\"pt-BR\",\"potentialAction\":[{\"@type\":\"CommentAction\",\"name\":\"Comment\",\"target\":[\"https:\\\/\\\/iconixlatam.com\\\/pt-br\\\/2025\\\/08\\\/21\\\/ecko-unltd-apresenta-jalen-williams-como-novo-embaixador-da-marca-e-colaborador-de-capsula-2-3\\\/#respond\"]}]},{\"@type\":\"WebPage\",\"@id\":\"https:\\\/\\\/iconixlatam.com\\\/pt-br\\\/2025\\\/08\\\/21\\\/ecko-unltd-apresenta-jalen-williams-como-novo-embaixador-da-marca-e-colaborador-de-capsula-2-3\\\/\",\"url\":\"https:\\\/\\\/iconixlatam.com\\\/pt-br\\\/2025\\\/08\\\/21\\\/ecko-unltd-apresenta-jalen-williams-como-novo-embaixador-da-marca-e-colaborador-de-capsula-2-3\\\/\",\"name\":\"A Iconix Latin Am\u00e9rica se apresentou na feira Intermoda 2025 - Iconix Latin\",\"isPartOf\":{\"@id\":\"https:\\\/\\\/iconixlatam.com\\\/#website\"},\"primaryImageOfPage\":{\"@id\":\"https:\\\/\\\/iconixlatam.com\\\/pt-br\\\/2025\\\/08\\\/21\\\/ecko-unltd-apresenta-jalen-williams-como-novo-embaixador-da-marca-e-colaborador-de-capsula-2-3\\\/#primaryimage\"},\"image\":{\"@id\":\"https:\\\/\\\/iconixlatam.com\\\/pt-br\\\/2025\\\/08\\\/21\\\/ecko-unltd-apresenta-jalen-williams-como-novo-embaixador-da-marca-e-colaborador-de-capsula-2-3\\\/#primaryimage\"},\"thumbnailUrl\":\"https:\\\/\\\/iconixlatam.com\\\/wp-content\\\/uploads\\\/2025\\\/08\\\/WhatsApp-Image-2025-08-19-at-16.09.10.jpeg\",\"datePublished\":\"2025-08-21T15:19:41+00:00\",\"dateModified\":\"2025-08-21T15:20:33+00:00\",\"breadcrumb\":{\"@id\":\"https:\\\/\\\/iconixlatam.com\\\/pt-br\\\/2025\\\/08\\\/21\\\/ecko-unltd-apresenta-jalen-williams-como-novo-embaixador-da-marca-e-colaborador-de-capsula-2-3\\\/#breadcrumb\"},\"inLanguage\":\"pt-BR\",\"potentialAction\":[{\"@type\":\"ReadAction\",\"target\":[\"https:\\\/\\\/iconixlatam.com\\\/pt-br\\\/2025\\\/08\\\/21\\\/ecko-unltd-apresenta-jalen-williams-como-novo-embaixador-da-marca-e-colaborador-de-capsula-2-3\\\/\"]}]},{\"@type\":\"ImageObject\",\"inLanguage\":\"pt-BR\",\"@id\":\"https:\\\/\\\/iconixlatam.com\\\/pt-br\\\/2025\\\/08\\\/21\\\/ecko-unltd-apresenta-jalen-williams-como-novo-embaixador-da-marca-e-colaborador-de-capsula-2-3\\\/#primaryimage\",\"url\":\"https:\\\/\\\/iconixlatam.com\\\/wp-content\\\/uploads\\\/2025\\\/08\\\/WhatsApp-Image-2025-08-19-at-16.09.10.jpeg\",\"contentUrl\":\"https:\\\/\\\/iconixlatam.com\\\/wp-content\\\/uploads\\\/2025\\\/08\\\/WhatsApp-Image-2025-08-19-at-16.09.10.jpeg\",\"width\":1600,\"height\":1200},{\"@type\":\"BreadcrumbList\",\"@id\":\"https:\\\/\\\/iconixlatam.com\\\/pt-br\\\/2025\\\/08\\\/21\\\/ecko-unltd-apresenta-jalen-williams-como-novo-embaixador-da-marca-e-colaborador-de-capsula-2-3\\\/#breadcrumb\",\"itemListElement\":[{\"@type\":\"ListItem\",\"position\":1,\"name\":\"Portada\",\"item\":\"https:\\\/\\\/iconixlatam.com\\\/pt-br\\\/sample-page\\\/\"},{\"@type\":\"ListItem\",\"position\":2,\"name\":\"A Iconix Latin Am\u00e9rica se apresentou na feira Intermoda 2025\"}]},{\"@type\":\"WebSite\",\"@id\":\"https:\\\/\\\/iconixlatam.com\\\/#website\",\"url\":\"https:\\\/\\\/iconixlatam.com\\\/\",\"name\":\"Iconix Latin\",\"description\":\"Con un enfoque innovador y comercial, brindamos soluciones de gesti\u00f3n de marca para maximizar su valor global.\",\"publisher\":{\"@id\":\"https:\\\/\\\/iconixlatam.com\\\/#organization\"},\"potentialAction\":[{\"@type\":\"SearchAction\",\"target\":{\"@type\":\"EntryPoint\",\"urlTemplate\":\"https:\\\/\\\/iconixlatam.com\\\/?s={search_term_string}\"},\"query-input\":{\"@type\":\"PropertyValueSpecification\",\"valueRequired\":true,\"valueName\":\"search_term_string\"}}],\"inLanguage\":\"pt-BR\"},{\"@type\":\"Organization\",\"@id\":\"https:\\\/\\\/iconixlatam.com\\\/#organization\",\"name\":\"Iconix Latin\",\"url\":\"https:\\\/\\\/iconixlatam.com\\\/\",\"logo\":{\"@type\":\"ImageObject\",\"inLanguage\":\"pt-BR\",\"@id\":\"https:\\\/\\\/iconixlatam.com\\\/#\\\/schema\\\/logo\\\/image\\\/\",\"url\":\"https:\\\/\\\/iconixlatam.com\\\/wp-content\\\/uploads\\\/2025\\\/03\\\/logo.svg\",\"contentUrl\":\"https:\\\/\\\/iconixlatam.com\\\/wp-content\\\/uploads\\\/2025\\\/03\\\/logo.svg\",\"width\":155,\"height\":81,\"caption\":\"Iconix Latin\"},\"image\":{\"@id\":\"https:\\\/\\\/iconixlatam.com\\\/#\\\/schema\\\/logo\\\/image\\\/\"},\"sameAs\":[\"https:\\\/\\\/www.instagram.com\\\/iconixlatinamerica\\\/\",\"https:\\\/\\\/www.linkedin.com\\\/company\\\/iconix-international\\\/posts\\\/?feedView=all\"]},{\"@type\":\"Person\",\"@id\":\"https:\\\/\\\/iconixlatam.com\\\/#\\\/schema\\\/person\\\/72788aa7f2a8d1f155e209543b3d5b1f\",\"name\":\"latiniconix\",\"image\":{\"@type\":\"ImageObject\",\"inLanguage\":\"pt-BR\",\"@id\":\"https:\\\/\\\/secure.gravatar.com\\\/avatar\\\/07852c9106134c91b4ce80fcc8777519c728ba684d3ffdf52fd51ef65d8f1d20?s=96&d=mm&r=g\",\"url\":\"https:\\\/\\\/secure.gravatar.com\\\/avatar\\\/07852c9106134c91b4ce80fcc8777519c728ba684d3ffdf52fd51ef65d8f1d20?s=96&d=mm&r=g\",\"contentUrl\":\"https:\\\/\\\/secure.gravatar.com\\\/avatar\\\/07852c9106134c91b4ce80fcc8777519c728ba684d3ffdf52fd51ef65d8f1d20?s=96&d=mm&r=g\",\"caption\":\"latiniconix\"},\"sameAs\":[\"https:\\\/\\\/iconixlatam.com\"],\"url\":\"https:\\\/\\\/iconixlatam.com\\\/pt-br\\\/author\\\/latiniconix\\\/\"}]}<\/script>\n<!-- \/ Yoast SEO plugin. -->","yoast_head_json":{"title":"A Iconix Latin Am\u00e9rica se apresentou na feira Intermoda 2025 - Iconix Latin","robots":{"index":"index","follow":"follow","max-snippet":"max-snippet:-1","max-image-preview":"max-image-preview:large","max-video-preview":"max-video-preview:-1"},"canonical":"https:\/\/iconixlatam.com\/pt-br\/2025\/08\/21\/ecko-unltd-apresenta-jalen-williams-como-novo-embaixador-da-marca-e-colaborador-de-capsula-2-3\/","og_locale":"pt_BR","og_type":"article","og_title":"A Iconix Latin Am\u00e9rica se apresentou na feira Intermoda 2025 - Iconix Latin","og_description":"O evento reuniu os principais atores da ind\u00fastria para impulsionar conex\u00f5es e gerar parcerias estrat\u00e9gicas, onde, como empresa, exibimos produtos da Hoodrich, Pony e Ed Hardy.","og_url":"https:\/\/iconixlatam.com\/pt-br\/2025\/08\/21\/ecko-unltd-apresenta-jalen-williams-como-novo-embaixador-da-marca-e-colaborador-de-capsula-2-3\/","og_site_name":"Iconix Latin","article_published_time":"2025-08-21T15:19:41+00:00","article_modified_time":"2025-08-21T15:20:33+00:00","og_image":[{"width":1600,"height":1200,"url":"https:\/\/iconixlatam.com\/wp-content\/uploads\/2025\/08\/WhatsApp-Image-2025-08-19-at-16.09.10.jpeg","type":"image\/jpeg"}],"author":"latiniconix","twitter_card":"summary_large_image","twitter_misc":{"Escrito por":"latiniconix","Est. tempo de leitura":"1 minuto"},"schema":{"@context":"https:\/\/schema.org","@graph":[{"@type":"Article","@id":"https:\/\/iconixlatam.com\/pt-br\/2025\/08\/21\/ecko-unltd-apresenta-jalen-williams-como-novo-embaixador-da-marca-e-colaborador-de-capsula-2-3\/#article","isPartOf":{"@id":"https:\/\/iconixlatam.com\/pt-br\/2025\/08\/21\/ecko-unltd-apresenta-jalen-williams-como-novo-embaixador-da-marca-e-colaborador-de-capsula-2-3\/"},"author":{"name":"latiniconix","@id":"https:\/\/iconixlatam.com\/#\/schema\/person\/72788aa7f2a8d1f155e209543b3d5b1f"},"headline":"A Iconix Latin Am\u00e9rica se apresentou na feira Intermoda 2025","datePublished":"2025-08-21T15:19:41+00:00","dateModified":"2025-08-21T15:20:33+00:00","mainEntityOfPage":{"@id":"https:\/\/iconixlatam.com\/pt-br\/2025\/08\/21\/ecko-unltd-apresenta-jalen-williams-como-novo-embaixador-da-marca-e-colaborador-de-capsula-2-3\/"},"wordCount":196,"commentCount":0,"publisher":{"@id":"https:\/\/iconixlatam.com\/#organization"},"image":{"@id":"https:\/\/iconixlatam.com\/pt-br\/2025\/08\/21\/ecko-unltd-apresenta-jalen-williams-como-novo-embaixador-da-marca-e-colaborador-de-capsula-2-3\/#primaryimage"},"thumbnailUrl":"https:\/\/iconixlatam.com\/wp-content\/uploads\/2025\/08\/WhatsApp-Image-2025-08-19-at-16.09.10.jpeg","keywords":["ICONIX LATAM","INTERMODA 2025"],"articleSection":["Latam"],"inLanguage":"pt-BR","potentialAction":[{"@type":"CommentAction","name":"Comment","target":["https:\/\/iconixlatam.com\/pt-br\/2025\/08\/21\/ecko-unltd-apresenta-jalen-williams-como-novo-embaixador-da-marca-e-colaborador-de-capsula-2-3\/#respond"]}]},{"@type":"WebPage","@id":"https:\/\/iconixlatam.com\/pt-br\/2025\/08\/21\/ecko-unltd-apresenta-jalen-williams-como-novo-embaixador-da-marca-e-colaborador-de-capsula-2-3\/","url":"https:\/\/iconixlatam.com\/pt-br\/2025\/08\/21\/ecko-unltd-apresenta-jalen-williams-como-novo-embaixador-da-marca-e-colaborador-de-capsula-2-3\/","name":"A Iconix Latin Am\u00e9rica se apresentou na feira Intermoda 2025 - Iconix Latin","isPartOf":{"@id":"https:\/\/iconixlatam.com\/#website"},"primaryImageOfPage":{"@id":"https:\/\/iconixlatam.com\/pt-br\/2025\/08\/21\/ecko-unltd-apresenta-jalen-williams-como-novo-embaixador-da-marca-e-colaborador-de-capsula-2-3\/#primaryimage"},"image":{"@id":"https:\/\/iconixlatam.com\/pt-br\/2025\/08\/21\/ecko-unltd-apresenta-jalen-williams-como-novo-embaixador-da-marca-e-colaborador-de-capsula-2-3\/#primaryimage"},"thumbnailUrl":"https:\/\/iconixlatam.com\/wp-content\/uploads\/2025\/08\/WhatsApp-Image-2025-08-19-at-16.09.10.jpeg","datePublished":"2025-08-21T15:19:41+00:00","dateModified":"2025-08-21T15:20:33+00:00","breadcrumb":{"@id":"https:\/\/iconixlatam.com\/pt-br\/2025\/08\/21\/ecko-unltd-apresenta-jalen-williams-como-novo-embaixador-da-marca-e-colaborador-de-capsula-2-3\/#breadcrumb"},"inLanguage":"pt-BR","potentialAction":[{"@type":"ReadAction","target":["https:\/\/iconixlatam.com\/pt-br\/2025\/08\/21\/ecko-unltd-apresenta-jalen-williams-como-novo-embaixador-da-marca-e-colaborador-de-capsula-2-3\/"]}]},{"@type":"ImageObject","inLanguage":"pt-BR","@id":"https:\/\/iconixlatam.com\/pt-br\/2025\/08\/21\/ecko-unltd-apresenta-jalen-williams-como-novo-embaixador-da-marca-e-colaborador-de-capsula-2-3\/#primaryimage","url":"https:\/\/iconixlatam.com\/wp-content\/uploads\/2025\/08\/WhatsApp-Image-2025-08-19-at-16.09.10.jpeg","contentUrl":"https:\/\/iconixlatam.com\/wp-content\/uploads\/2025\/08\/WhatsApp-Image-2025-08-19-at-16.09.10.jpeg","width":1600,"height":1200},{"@type":"BreadcrumbList","@id":"https:\/\/iconixlatam.com\/pt-br\/2025\/08\/21\/ecko-unltd-apresenta-jalen-williams-como-novo-embaixador-da-marca-e-colaborador-de-capsula-2-3\/#breadcrumb","itemListElement":[{"@type":"ListItem","position":1,"name":"Portada","item":"https:\/\/iconixlatam.com\/pt-br\/sample-page\/"},{"@type":"ListItem","position":2,"name":"A Iconix Latin Am\u00e9rica se apresentou na feira Intermoda 2025"}]},{"@type":"WebSite","@id":"https:\/\/iconixlatam.com\/#website","url":"https:\/\/iconixlatam.com\/","name":"Iconix Latin","description":"Con un enfoque innovador y comercial, brindamos soluciones de gesti\u00f3n de marca para maximizar su valor global.","publisher":{"@id":"https:\/\/iconixlatam.com\/#organization"},"potentialAction":[{"@type":"SearchAction","target":{"@type":"EntryPoint","urlTemplate":"https:\/\/iconixlatam.com\/?s={search_term_string}"},"query-input":{"@type":"PropertyValueSpecification","valueRequired":true,"valueName":"search_term_string"}}],"inLanguage":"pt-BR"},{"@type":"Organization","@id":"https:\/\/iconixlatam.com\/#organization","name":"Iconix Latin","url":"https:\/\/iconixlatam.com\/","logo":{"@type":"ImageObject","inLanguage":"pt-BR","@id":"https:\/\/iconixlatam.com\/#\/schema\/logo\/image\/","url":"https:\/\/iconixlatam.com\/wp-content\/uploads\/2025\/03\/logo.svg","contentUrl":"https:\/\/iconixlatam.com\/wp-content\/uploads\/2025\/03\/logo.svg","width":155,"height":81,"caption":"Iconix Latin"},"image":{"@id":"https:\/\/iconixlatam.com\/#\/schema\/logo\/image\/"},"sameAs":["https:\/\/www.instagram.com\/iconixlatinamerica\/","https:\/\/www.linkedin.com\/company\/iconix-international\/posts\/?feedView=all"]},{"@type":"Person","@id":"https:\/\/iconixlatam.com\/#\/schema\/person\/72788aa7f2a8d1f155e209543b3d5b1f","name":"latiniconix","image":{"@type":"ImageObject","inLanguage":"pt-BR","@id":"https:\/\/secure.gravatar.com\/avatar\/07852c9106134c91b4ce80fcc8777519c728ba684d3ffdf52fd51ef65d8f1d20?s=96&d=mm&r=g","url":"https:\/\/secure.gravatar.com\/avatar\/07852c9106134c91b4ce80fcc8777519c728ba684d3ffdf52fd51ef65d8f1d20?s=96&d=mm&r=g","contentUrl":"https:\/\/secure.gravatar.com\/avatar\/07852c9106134c91b4ce80fcc8777519c728ba684d3ffdf52fd51ef65d8f1d20?s=96&d=mm&r=g","caption":"latiniconix"},"sameAs":["https:\/\/iconixlatam.com"],"url":"https:\/\/iconixlatam.com\/pt-br\/author\/latiniconix\/"}]}},"_links":{"self":[{"href":"https:\/\/iconixlatam.com\/pt-br\/wp-json\/wp\/v2\/posts\/2829","targetHints":{"allow":["GET"]}}],"collection":[{"href":"https:\/\/iconixlatam.com\/pt-br\/wp-json\/wp\/v2\/posts"}],"about":[{"href":"https:\/\/iconixlatam.com\/pt-br\/wp-json\/wp\/v2\/types\/post"}],"author":[{"embeddable":true,"href":"https:\/\/iconixlatam.com\/pt-br\/wp-json\/wp\/v2\/users\/1"}],"replies":[{"embeddable":true,"href":"https:\/\/iconixlatam.com\/pt-br\/wp-json\/wp\/v2\/comments?post=2829"}],"version-history":[{"count":2,"href":"https:\/\/iconixlatam.com\/pt-br\/wp-json\/wp\/v2\/posts\/2829\/revisions"}],"predecessor-version":[{"id":2831,"href":"https:\/\/iconixlatam.com\/pt-br\/wp-json\/wp\/v2\/posts\/2829\/revisions\/2831"}],"wp:featuredmedia":[{"embeddable":true,"href":"https:\/\/iconixlatam.com\/pt-br\/wp-json\/wp\/v2\/media\/2823"}],"wp:attachment":[{"href":"https:\/\/iconixlatam.com\/pt-br\/wp-json\/wp\/v2\/media?parent=2829"}],"wp:term":[{"taxonomy":"category","embeddable":true,"href":"https:\/\/iconixlatam.com\/pt-br\/wp-json\/wp\/v2\/categories?post=2829"},{"taxonomy":"post_tag","embeddable":true,"href":"https:\/\/iconixlatam.com\/pt-br\/wp-json\/wp\/v2\/tags?post=2829"}],"curies":[{"name":"wp","href":"https:\/\/api.w.org\/{rel}","templated":true}]}}